{"id":20237,"date":"2026-01-26T10:00:05","date_gmt":"2026-01-26T10:00:05","guid":{"rendered":"https:\/\/ladepeche.mr\/?p=20237"},"modified":"2026-01-26T09:38:35","modified_gmt":"2026-01-26T09:38:35","slug":"etats-unis-les-evenements-de-minneapolis-augmentent-le-risque-de-paralysie-budgetaire","status":"publish","type":"post","link":"https:\/\/ladepeche.mr\/?p=20237","title":{"rendered":"\u00c9tats-Unis: les \u00e9v\u00e9nements de Minneapolis augmentent le risque de paralysie budg\u00e9taire"},"content":{"rendered":"<p>La tension monte encore d&#8217;un cran \u00e0 Minneapolis\u00a0: samedi 24 janvier, ICE a abattu un infirmier de 37 ans alors qu&#8217;il \u00e9tait \u00e0 terre. C&#8217;est le deuxi\u00e8me Am\u00e9ricain tu\u00e9 par balle en moins d&#8217;un mois par la redout\u00e9e police de l&#8217;immigration dans cette ville du nord du pays devenue le symbole de la r\u00e9sistance \u00e0 la politique migratoire de Donald Trump. Les \u00e9lus du Minnesota r\u00e9clament le d\u00e9part d&#8217;ICE et que l&#8217;enqu\u00eate soit confi\u00e9e aux forces de police locale.\u00a0Plusieurs s\u00e9nateurs d\u00e9mocrates ont annonc\u00e9 qu&#8217;ils voteraient contre un texte budg\u00e9taire, augmentant les chances d&#8217;une nouvelle paralysie budg\u00e9taire.<\/p>\n<p>La semaine prochaine, le S\u00e9nat doit examiner une loi sur le budget qui doit permettre d&#8217;\u00e9viter une situation de paralysie budg\u00e9taire. Or, il manque sept voix \u00e0 la majorit\u00e9 r\u00e9publicaine pour faire passer son texte alors que les m\u00e9dias am\u00e9ricains font le d\u00e9compte\u00a0: il reste moins de six jours avant\u00a0<a href=\"https:\/\/www.rfi.fr\/fr\/am%C3%A9riques\/20251113-%C3%A9tats-unis-adoption-d-un-texte-permettant-de-lever-la-plus-longue-paralysie-budg%C3%A9taire-de-l-histoire-du-pays\" target=\"_self\">un \u00ab\u00a0shutdown\u00a0\u00bb<\/a>. Les \u00e9v\u00e9nements \u00e0\u00a0<a href=\"https:\/\/www.rfi.fr\/fr\/am%C3%A9riques\/20260124-%C3%A9tats-unis-%C3%A0-minneapolis-nouvelle-manifestation-d-ampleur-contre-la-police-de-l-immigration-ice\" target=\"_self\">Minneapolis<\/a>\u00a0ont chamboul\u00e9 la situation.<\/p>\n<p>Or ce texte comporte un volet sur le financement du d\u00e9partement de la S\u00e9curit\u00e9 int\u00e9rieure et donc de\u00a0<a href=\"https:\/\/www.rfi.fr\/fr\/am%C3%A9riques\/20250612-%C3%A9tats-unis-l-ice-une-police-anti-immigration-aux-m%C3%A9thodes-justifi%C3%A9es-par-la-politique-du-chiffre\" target=\"_self\">la police de l&#8217;immigration (ICE)<\/a>. Face \u00e0 l&#8217;absolue brutalit\u00e9 de ce qui se passe en ce moment \u00e0 Minneapolis &#8211;\u00a0<a href=\"https:\/\/www.rfi.fr\/fr\/am%C3%A9riques\/20260111-mort-de-renee-good-des-dizaines-de-rassemblement-aux-%C3%A9tats-unis-pour-d%C3%A9noncer-les-m%C3%A9thodes-de-l-ice\" target=\"_self\">Renee Good<\/a>\u00a0et\u00a0<a href=\"https:\/\/www.rfi.fr\/fr\/am%C3%A9riques\/20260124-%C3%A9tats-unis-%C3%A0-minneapolis-un-homme-tu%C3%A9-par-balles-par-des-agents-f%C3%A9d%C3%A9raux\" target=\"_self\">Alex Pretti froidement abattus<\/a>\u00a0par les agents f\u00e9d\u00e9raux, mais aussi les images d&#8217;un gar\u00e7on de 5 ans avec son bonnet bleu utilis\u00e9 comme app\u00e2t par ICE pour arr\u00eater son p\u00e8re et les mettre tous les deux en d\u00e9tention &#8211; le leadership d\u00e9mocrate annonce qu&#8217;il ne votera pas le budget au S\u00e9nat.<\/p>\n<p>Plusieurs s\u00e9nateurs d\u00e9mocrates, qui, dans le pass\u00e9, ont pu voter avec les r\u00e9publicains sur ces sujets, ont annonc\u00e9 qu&#8217;ils voteraient contre le texte budg\u00e9taire.<\/p>\n<p>Pour le s\u00e9nateur d\u00e9mocrate Mark Warner, la \u00ab\u00a0<em>r\u00e9pression brutale doit cesser\u00a0<\/em>\u00bb\u00a0: \u00ab\u00a0<em>Je ne peux pas voter et je ne voterai pas pour financer le DHS pendant que cette administration continue ces prises de pouvoir violentes de nos villes.<\/em>\u00a0\u00bb Ces \u00e9lus ont dit refuser d&#8217;approuver le texte tel quel car il comprend le financement du minist\u00e8re de la S\u00e9curit\u00e9 int\u00e9rieure (DHS), charg\u00e9 de mener la politique migratoire voulue par Donald Trump\u00a0: \u00ab\u00a0<em>Les d\u00e9mocrates du S\u00e9nat n&#8217;apporteront pas leur vote pour ces textes si le financement du DHS est inclus<\/em>\u00a0\u00bb, a ajout\u00e9 l&#8217;\u00e9lu sur X.<\/p>\n<p>L&#8217;administration Trump et la ministre \u00e0 la S\u00e9curit\u00e9 int\u00e9rieure Kristi Noem \u00ab\u00a0<em>mettent des agents f\u00e9d\u00e9raux sous-entra\u00een\u00e9s et belliqueux dans les rues sans qu&#8217;ils n&#8217;aient de comptes \u00e0 rendre<\/em>\u00a0\u00bb, a d\u00e9nonc\u00e9 dans un communiqu\u00e9 Catherine Cortez Masto, s\u00e9natrice du Nevada \u00e0 la r\u00e9putation d&#8217;\u00e9lue mod\u00e9r\u00e9e, mena\u00e7ant \u00e9galement de rejeter le texte.<\/p>\n<p>Lire la suite sur <a href=\"https:\/\/www.rfi.fr\/fr\/am%C3%A9riques\/20260125-%C3%A9tats-unis-%C3%A9v%C3%A9nements-minneapolis-augmentent-risque-paralysie-budg%C3%A9taire-ice-alex-pretti?utm_medium=email&amp;utm_campaign=newsletter&amp;utm_source=rfi-nl-internationale-fr&amp;utm_email_send_date=%2020260125&amp;utm_email_recipient=245770&amp;utm_email_link=contenus&amp;_ope=eyJndWlkIjoiOTMwMjIwNGY3ZmZhNzMxODU0NDI3OTA1ZjdiOTc4NGUifQ%3D%3D\">\u00c9tats-Unis: les \u00e9v\u00e9nements de Minneapolis augmentent le risque de paralysie budg\u00e9taire &#8211; RFI<\/a><\/p>\n","protected":false},"excerpt":{"rendered":"<p>La tension monte encore d&#8217;un cran \u00e0 Minneapolis\u00a0: samedi 24 janvier, ICE a abattu un infirmier de 37 ans alors qu&#8217;il \u00e9tait \u00e0 terre. C&#8217;est le deuxi\u00e8me Am\u00e9ricain tu\u00e9 par balle en moins d&#8217;un mois par la redout\u00e9e police de l&#8217;immigration dans cette ville du nord du pays devenue le symbole de la r\u00e9sistance \u00e0 &hellip;<\/p>\n","protected":false},"author":2,"featured_media":20238,"comment_status":"open","ping_status":"open","sticky":false,"template":"","format":"standard","meta":{"footnotes":""},"categories":[18,29],"tags":[],"class_list":["post-20237","post","type-post","status-publish","format-standard","has-post-thumbnail","hentry","category-actualites","category-monde"],"_links":{"self":[{"href":"https:\/\/ladepeche.mr\/index.php?rest_route=\/wp\/v2\/posts\/20237","targetHints":{"allow":["GET"]}}],"collection":[{"href":"https:\/\/ladepeche.mr\/index.php?rest_route=\/wp\/v2\/posts"}],"about":[{"href":"https:\/\/ladepeche.mr\/index.php?rest_route=\/wp\/v2\/types\/post"}],"author":[{"embeddable":true,"href":"https:\/\/ladepeche.mr\/index.php?rest_route=\/wp\/v2\/users\/2"}],"replies":[{"embeddable":true,"href":"https:\/\/ladepeche.mr\/index.php?rest_route=%2Fwp%2Fv2%2Fcomments&post=20237"}],"version-history":[{"count":1,"href":"https:\/\/ladepeche.mr\/index.php?rest_route=\/wp\/v2\/posts\/20237\/revisions"}],"predecessor-version":[{"id":20239,"href":"https:\/\/ladepeche.mr\/index.php?rest_route=\/wp\/v2\/posts\/20237\/revisions\/20239"}],"wp:featuredmedia":[{"embeddable":true,"href":"https:\/\/ladepeche.mr\/index.php?rest_route=\/wp\/v2\/media\/20238"}],"wp:attachment":[{"href":"https:\/\/ladepeche.mr\/index.php?rest_route=%2Fwp%2Fv2%2Fmedia&parent=20237"}],"wp:term":[{"taxonomy":"category","embeddable":true,"href":"https:\/\/ladepeche.mr\/index.php?rest_route=%2Fwp%2Fv2%2Fcategories&post=20237"},{"taxonomy":"post_tag","embeddable":true,"href":"https:\/\/ladepeche.mr\/index.php?rest_route=%2Fwp%2Fv2%2Ftags&post=20237"}],"curies":[{"name":"wp","href":"https:\/\/api.w.org\/{rel}","templated":true}]}}