{"id":20240,"date":"2026-01-26T11:47:38","date_gmt":"2026-01-26T11:47:38","guid":{"rendered":"https:\/\/ladepeche.mr\/?p=20240"},"modified":"2026-01-26T11:47:38","modified_gmt":"2026-01-26T11:47:38","slug":"execution-du-budget-2024-la-commission-des-finances-y-penche-pour-un-examen-approfondi","status":"publish","type":"post","link":"https:\/\/ladepeche.mr\/?p=20240","title":{"rendered":"Ex\u00e9cution du budget 2024: la commission des finances y penche pour &#8220;un examen approfondi&#8221;"},"content":{"rendered":"<p data-start=\"59\" data-end=\"354\"><strong data-start=\"59\" data-end=\"354\">La commission des finances de l\u2019Assembl\u00e9e nationale a examin\u00e9, dimanche, le rapport de la Cour des comptes sur l\u2019ex\u00e9cution du budget de l\u2019\u00c9tat pour l\u2019ann\u00e9e 2024, faisant \u00e9tat d\u2019une hausse des recettes publiques \u00e0 95,94 milliards MRU, en augmentation de 8,52 milliards MRU par rapport \u00e0 2023.<\/strong><\/p>\n<p data-start=\"356\" data-end=\"597\">R\u00e9unie sous la pr\u00e9sidence de son pr\u00e9sident, le d\u00e9put\u00e9 Ali Mamadou Kane, la commission a consacr\u00e9 ses travaux \u00e0 l\u2019\u00e9tude du contenu de ce rapport dans le cadre de l\u2019examen du projet de loi portant r\u00e8glement d\u00e9finitif du budget de l\u2019ann\u00e9e 2024.<\/p>\n<p data-start=\"599\" data-end=\"869\">Au cours de la r\u00e9union, le pr\u00e9sident de la Cour des comptes, M. Hamid Ould Ahmed Taleb, a pr\u00e9sent\u00e9 un expos\u00e9 d\u00e9taillant les principaux enseignements du rapport et apport\u00e9 les \u00e9claircissements n\u00e9cessaires sur l\u2019ex\u00e9cution du budget, sur la base des donn\u00e9es qu\u2019il contient.<\/p>\n<p data-start=\"871\" data-end=\"1198\">L\u2019examen de ce projet de loi avait \u00e9t\u00e9 renvoy\u00e9 devant la commission pour un \u00ab examen approfondi \u00bb vendredi dernier par la conf\u00e9rence des pr\u00e9sidents de l\u2019Assembl\u00e9e nationale, lors d\u2019une r\u00e9union pr\u00e9sid\u00e9e par le pr\u00e9sident de l\u2019institution, Ould Meguett, en pr\u00e9sence du ministre, porte-parole du gouvernement, Houssein Ould Meddou.<\/p>\n<p data-start=\"1200\" data-end=\"1332\">Ces travaux s\u2019inscrivent dans la phase pr\u00e9paratoire pr\u00e9c\u00e9dant la pr\u00e9sentation du projet de loi en s\u00e9ance pl\u00e9ni\u00e8re pour son adoption.<\/p>\n<p data-start=\"1200\" data-end=\"1332\">(avec m\u00e9dias)<\/p>\n","protected":false},"excerpt":{"rendered":"<p>La commission des finances de l\u2019Assembl\u00e9e nationale a examin\u00e9, dimanche, le rapport de la Cour des comptes sur l\u2019ex\u00e9cution du budget de l\u2019\u00c9tat pour l\u2019ann\u00e9e 2024, faisant \u00e9tat d\u2019une hausse des recettes publiques \u00e0 95,94 milliards MRU, en augmentation de 8,52 milliards MRU par rapport \u00e0 2023. R\u00e9unie sous la pr\u00e9sidence de son pr\u00e9sident, le &hellip;<\/p>\n","protected":false},"author":2,"featured_media":20241,"comment_status":"open","ping_status":"open","sticky":false,"template":"","format":"standard","meta":{"footnotes":""},"categories":[18,2],"tags":[],"class_list":["post-20240","post","type-post","status-publish","format-standard","has-post-thumbnail","hentry","category-actualites","category-economie"],"_links":{"self":[{"href":"https:\/\/ladepeche.mr\/index.php?rest_route=\/wp\/v2\/posts\/20240","targetHints":{"allow":["GET"]}}],"collection":[{"href":"https:\/\/ladepeche.mr\/index.php?rest_route=\/wp\/v2\/posts"}],"about":[{"href":"https:\/\/ladepeche.mr\/index.php?rest_route=\/wp\/v2\/types\/post"}],"author":[{"embeddable":true,"href":"https:\/\/ladepeche.mr\/index.php?rest_route=\/wp\/v2\/users\/2"}],"replies":[{"embeddable":true,"href":"https:\/\/ladepeche.mr\/index.php?rest_route=%2Fwp%2Fv2%2Fcomments&post=20240"}],"version-history":[{"count":1,"href":"https:\/\/ladepeche.mr\/index.php?rest_route=\/wp\/v2\/posts\/20240\/revisions"}],"predecessor-version":[{"id":20242,"href":"https:\/\/ladepeche.mr\/index.php?rest_route=\/wp\/v2\/posts\/20240\/revisions\/20242"}],"wp:featuredmedia":[{"embeddable":true,"href":"https:\/\/ladepeche.mr\/index.php?rest_route=\/wp\/v2\/media\/20241"}],"wp:attachment":[{"href":"https:\/\/ladepeche.mr\/index.php?rest_route=%2Fwp%2Fv2%2Fmedia&parent=20240"}],"wp:term":[{"taxonomy":"category","embeddable":true,"href":"https:\/\/ladepeche.mr\/index.php?rest_route=%2Fwp%2Fv2%2Fcategories&post=20240"},{"taxonomy":"post_tag","embeddable":true,"href":"https:\/\/ladepeche.mr\/index.php?rest_route=%2Fwp%2Fv2%2Ftags&post=20240"}],"curies":[{"name":"wp","href":"https:\/\/api.w.org\/{rel}","templated":true}]}}