{"id":20243,"date":"2026-01-26T12:25:53","date_gmt":"2026-01-26T12:25:53","guid":{"rendered":"https:\/\/ladepeche.mr\/?p=20243"},"modified":"2026-01-26T11:54:31","modified_gmt":"2026-01-26T11:54:31","slug":"retrait-temporaire-de-lafrique-du-sud-du-g20-pretoria-veut-eviter-toute-crise-avec-les-etats-unis","status":"publish","type":"post","link":"https:\/\/ladepeche.mr\/?p=20243","title":{"rendered":"Retrait temporaire de l\u2019Afrique du Sud du G20: Pr\u00e9toria \u00abveut \u00e9viter toute crise avec les \u00c9tats-Unis\u00bb"},"content":{"rendered":"<p>Au Forum \u00e9conomique mondial \u00e0 Davos en Suisse, tenu du 19 au 23 janvier 2026, l\u2019Afrique du Sud a annonc\u00e9 son \u00ab\u00a0<em>d\u00e9part temporaire<\/em>\u00a0\u00bb du G20 alors que les \u00c9tats-Unis en assurent la pr\u00e9sidence tournante pour l\u2019exercice 2026. \u00ab\u00a0<em>L&#8217;Afrique du Sud veut \u00e9viter tout probl\u00e8me, toute crise avec les \u00c9tats-Unis, et c\u2019est une d\u00e9cision vraiment rationnelle<\/em>\u00a0\u00bb, explique \u00e0 RFI Koffi Kouakou, ma\u00eetre de conf\u00e9rences \u00e0 l\u2019\u00e9cole de gouvernance de l\u2019universit\u00e9 de Witwatersrand \u00e0 Johannesbourg.<\/p>\n<p>Il s\u2019agit d\u2019un climat de tensions qui ne date pas d\u2019hier. En novembre dernier, le pr\u00e9sident am\u00e9ricain, Donald Trump, avait boycott\u00e9 le\u00a0<a href=\"https:\/\/www.rfi.fr\/fr\/afrique\/20251122-sommet-du-g20-une-d%C3%A9claration-commune-adopt%C3%A9e-malgr%C3%A9-les-divergences\" target=\"_self\"><strong>sommet du G20 organis\u00e9 en Afrique du Sud<\/strong><\/a>, accusant le pays de mener des politiques hostiles aux int\u00e9r\u00eats am\u00e9ricains.<\/p>\n<p>Il y a deux mois d\u00e9j\u00e0, Pretoria annon\u00e7ait une pause d\u2019un an dans sa participation au G20 de 2026, une mise en retrait qui se concr\u00e9tise par ce retrait temporaire du groupe des vingt principales \u00e9conomies mondiales.<\/p>\n<p>Ainsi, par un geste rare, presque in\u00e9dit, le G20, en 2026, devient en quelque sorte le G19 avec la sortie temporaire de l&#8217;Afrique du Sud de ce groupe.<\/p>\n<p>En effet, Pretoria d\u00e9nonce implicitement un climat politique devenu toxique sous la pr\u00e9sidence am\u00e9ricaine.<\/p>\n<h2>\u00ab Une d\u00e9cision \u00e0 la fois coh\u00e9rente, rationnelle et sage \u00bb<\/h2>\n<p>Joint par RFI, Koffi Kouakou, ma\u00eetre de conf\u00e9rences \u00e0 l\u2019\u00e9cole de gouvernance de l\u2019universit\u00e9 de Witwatersrand \u00e0 Johannesbourg, estime que la d\u00e9cision est logique et compr\u00e9hensible\u00a0: \u00ab\u00a0<em>C\u2019est une d\u00e9cision \u00e0 la fois coh\u00e9rente, rationnelle et sage. Le G20, qui a \u00e9t\u00e9 cr\u00e9\u00e9 pour amener tous les pays du monde, pas seulement ceux que l&#8217;on aime, qui nous ressemblent ou qui sont comme nous, est en train maintenant d\u2019\u00eatre d\u00e9truit par le pr\u00e9sident Trump. C\u2019est vraiment dommage. Mais l\u2019Afrique du Sud veut \u00e9viter tout probl\u00e8me, toute crise avec les \u00c9tats-Unis, et c\u2019est une d\u00e9cision vraiment rationnelle<\/em>. \u00bb.<\/p>\n<p>Officiellement, Pretoria parle d\u2019un d\u00e9part temporaire, mais ce retrait n\u2019est pas sans cons\u00e9quences, notamment pour la repr\u00e9sentation du continent africain<\/p>\n<p>Lire la suite sur <a href=\"https:\/\/www.rfi.fr\/fr\/afrique\/20260124-retrait-temporaire-de-l-afrique-du-sud-du-g20-pr%C3%A9toria-veut-%C3%A9viter-toute-crise-avec-les-%C3%A9tats-unis?utm_medium=email&amp;utm_campaign=newsletter&amp;utm_source=rfi-nl-afrique-fr&amp;utm_email_send_date=%2020260125&amp;utm_email_recipient=245770&amp;utm_email_link=contenus&amp;_ope=eyJndWlkIjoiOTMwMjIwNGY3ZmZhNzMxODU0NDI3OTA1ZjdiOTc4NGUifQ%3D%3D\">Retrait temporaire de l\u2019Afrique du Sud du G20: Pr\u00e9toria \u00abveut \u00e9viter toute crise avec les \u00c9tats-Unis\u00bb &#8211; RFI<\/a><\/p>\n","protected":false},"excerpt":{"rendered":"<p>Au Forum \u00e9conomique mondial \u00e0 Davos en Suisse, tenu du 19 au 23 janvier 2026, l\u2019Afrique du Sud a annonc\u00e9 son \u00ab\u00a0d\u00e9part temporaire\u00a0\u00bb du G20 alors que les \u00c9tats-Unis en assurent la pr\u00e9sidence tournante pour l\u2019exercice 2026. \u00ab\u00a0L&#8217;Afrique du Sud veut \u00e9viter tout probl\u00e8me, toute crise avec les \u00c9tats-Unis, et c\u2019est une d\u00e9cision vraiment rationnelle\u00a0\u00bb, &hellip;<\/p>\n","protected":false},"author":2,"featured_media":20244,"comment_status":"open","ping_status":"open","sticky":false,"template":"","format":"standard","meta":{"footnotes":""},"categories":[18,29],"tags":[],"class_list":["post-20243","post","type-post","status-publish","format-standard","has-post-thumbnail","hentry","category-actualites","category-monde"],"_links":{"self":[{"href":"https:\/\/ladepeche.mr\/index.php?rest_route=\/wp\/v2\/posts\/20243","targetHints":{"allow":["GET"]}}],"collection":[{"href":"https:\/\/ladepeche.mr\/index.php?rest_route=\/wp\/v2\/posts"}],"about":[{"href":"https:\/\/ladepeche.mr\/index.php?rest_route=\/wp\/v2\/types\/post"}],"author":[{"embeddable":true,"href":"https:\/\/ladepeche.mr\/index.php?rest_route=\/wp\/v2\/users\/2"}],"replies":[{"embeddable":true,"href":"https:\/\/ladepeche.mr\/index.php?rest_route=%2Fwp%2Fv2%2Fcomments&post=20243"}],"version-history":[{"count":1,"href":"https:\/\/ladepeche.mr\/index.php?rest_route=\/wp\/v2\/posts\/20243\/revisions"}],"predecessor-version":[{"id":20245,"href":"https:\/\/ladepeche.mr\/index.php?rest_route=\/wp\/v2\/posts\/20243\/revisions\/20245"}],"wp:featuredmedia":[{"embeddable":true,"href":"https:\/\/ladepeche.mr\/index.php?rest_route=\/wp\/v2\/media\/20244"}],"wp:attachment":[{"href":"https:\/\/ladepeche.mr\/index.php?rest_route=%2Fwp%2Fv2%2Fmedia&parent=20243"}],"wp:term":[{"taxonomy":"category","embeddable":true,"href":"https:\/\/ladepeche.mr\/index.php?rest_route=%2Fwp%2Fv2%2Fcategories&post=20243"},{"taxonomy":"post_tag","embeddable":true,"href":"https:\/\/ladepeche.mr\/index.php?rest_route=%2Fwp%2Fv2%2Ftags&post=20243"}],"curies":[{"name":"wp","href":"https:\/\/api.w.org\/{rel}","templated":true}]}}