{"id":20246,"date":"2026-01-26T13:15:25","date_gmt":"2026-01-26T13:15:25","guid":{"rendered":"https:\/\/ladepeche.mr\/?p=20246"},"modified":"2026-01-26T13:15:25","modified_gmt":"2026-01-26T13:15:25","slug":"nouakchott-demantelement-dun-reseau-de-trafic-de-drogues-impliquant-des-membres-des-forces-de-lordre","status":"publish","type":"post","link":"https:\/\/ladepeche.mr\/?p=20246","title":{"rendered":"Nouakchott : D\u00e9mant\u00e8lement d\u2019un r\u00e9seau de trafic de drogues impliquant des membres des forces de l\u2019ordre"},"content":{"rendered":"<p data-start=\"249\" data-end=\"614\">La gendarmerie nationale mauritanienne a annonc\u00e9 lundi le d\u00e9ferrement devant le parquet de Nouakchott-Ouest d\u2019un r\u00e9seau de 23 personnes suspect\u00e9es de d\u00e9tention et de trafic de stup\u00e9fiants \u00e0 haut risque, \u00e0 l\u2019issue des enqu\u00eates pr\u00e9liminaires, r\u00e9v\u00e8lent nos confr\u00e8res de \u00abalakhbar\u00a0\u00bb.<\/p>\n<p>Selon des sources proches de l\u2019enqu\u00eate, le r\u00e9seau d\u00e9mantel\u00e9 comprend un officier de la gendarmerie, un agent de police ainsi que six femmes, aux c\u00f4t\u00e9s de quinze autres suspects. Les investigations ont r\u00e9v\u00e9l\u00e9 que le groupe \u00e9tait particuli\u00e8rement actif dans le commerce de drogues dures, dont la coca\u00efne, une substance dont la consommation et le trafic connaissent une progression inqui\u00e9tante dans le pays.<\/p>\n<p data-start=\"1042\" data-end=\"1447\">Cette affaire intervient dans un contexte o\u00f9 les autorit\u00e9s nationales font face \u00e0 une recrudescence des trafics de stup\u00e9fiants, souvent organis\u00e9s par des r\u00e9seaux bien \u00e9tablis et impliquant parfois des membres des forces de s\u00e9curit\u00e9. Les experts mettent en garde contre les risques li\u00e9s \u00e0 cette prolif\u00e9ration, tant sur le plan de la s\u00e9curit\u00e9 publique que sur celui de la sant\u00e9 des jeunes consommateurs.<\/p>\n<p data-start=\"1449\" data-end=\"1836\">Cette op\u00e9ration s\u2019inscrit dans le cadre d\u2019une s\u00e9rie de mesures visant \u00e0 renforcer la lutte contre le trafic de drogues, jug\u00e9 de plus en plus pr\u00e9occupant par les autorit\u00e9s mauritaniennes et les observateurs internationaux. Elle met en lumi\u00e8re, par ailleurs, la persistance et l\u2019expansion de ces activit\u00e9s illicites qui boostent, \u00e0 leur tour, la criminalit\u00e9 chez les jeunes notamment.<\/p>\n<p data-start=\"1449\" data-end=\"1836\">(avec m\u00e9dias)<\/p>\n","protected":false},"excerpt":{"rendered":"<p>La gendarmerie nationale mauritanienne a annonc\u00e9 lundi le d\u00e9ferrement devant le parquet de Nouakchott-Ouest d\u2019un r\u00e9seau de 23 personnes suspect\u00e9es de d\u00e9tention et de trafic de stup\u00e9fiants \u00e0 haut risque, \u00e0 l\u2019issue des enqu\u00eates pr\u00e9liminaires, r\u00e9v\u00e8lent nos confr\u00e8res de \u00abalakhbar\u00a0\u00bb. Selon des sources proches de l\u2019enqu\u00eate, le r\u00e9seau d\u00e9mantel\u00e9 comprend un officier de la gendarmerie, &hellip;<\/p>\n","protected":false},"author":2,"featured_media":15094,"comment_status":"open","ping_status":"open","sticky":false,"template":"","format":"standard","meta":{"footnotes":""},"categories":[18],"tags":[],"class_list":["post-20246","post","type-post","status-publish","format-standard","has-post-thumbnail","hentry","category-actualites"],"_links":{"self":[{"href":"https:\/\/ladepeche.mr\/index.php?rest_route=\/wp\/v2\/posts\/20246","targetHints":{"allow":["GET"]}}],"collection":[{"href":"https:\/\/ladepeche.mr\/index.php?rest_route=\/wp\/v2\/posts"}],"about":[{"href":"https:\/\/ladepeche.mr\/index.php?rest_route=\/wp\/v2\/types\/post"}],"author":[{"embeddable":true,"href":"https:\/\/ladepeche.mr\/index.php?rest_route=\/wp\/v2\/users\/2"}],"replies":[{"embeddable":true,"href":"https:\/\/ladepeche.mr\/index.php?rest_route=%2Fwp%2Fv2%2Fcomments&post=20246"}],"version-history":[{"count":1,"href":"https:\/\/ladepeche.mr\/index.php?rest_route=\/wp\/v2\/posts\/20246\/revisions"}],"predecessor-version":[{"id":20247,"href":"https:\/\/ladepeche.mr\/index.php?rest_route=\/wp\/v2\/posts\/20246\/revisions\/20247"}],"wp:featuredmedia":[{"embeddable":true,"href":"https:\/\/ladepeche.mr\/index.php?rest_route=\/wp\/v2\/media\/15094"}],"wp:attachment":[{"href":"https:\/\/ladepeche.mr\/index.php?rest_route=%2Fwp%2Fv2%2Fmedia&parent=20246"}],"wp:term":[{"taxonomy":"category","embeddable":true,"href":"https:\/\/ladepeche.mr\/index.php?rest_route=%2Fwp%2Fv2%2Fcategories&post=20246"},{"taxonomy":"post_tag","embeddable":true,"href":"https:\/\/ladepeche.mr\/index.php?rest_route=%2Fwp%2Fv2%2Ftags&post=20246"}],"curies":[{"name":"wp","href":"https:\/\/api.w.org\/{rel}","templated":true}]}}