{"id":20248,"date":"2026-01-27T11:52:30","date_gmt":"2026-01-27T11:52:30","guid":{"rendered":"https:\/\/ladepeche.mr\/?p=20248"},"modified":"2026-01-27T11:56:06","modified_gmt":"2026-01-27T11:56:06","slug":"accords-de-peche-rim-ue-lancement-des-travaux-de-la-commission-mixte-a-las-palmas","status":"publish","type":"post","link":"https:\/\/ladepeche.mr\/?p=20248","title":{"rendered":"Accords de p\u00eache RIM-UE: lancement des travaux de la commission mixte \u00e0 Las Palmas"},"content":{"rendered":"<p>Les travaux de la commission mixte de l\u2019accord de partenariat dans le secteur de la p\u00eache entre la R\u00e9publique islamique de Mauritanie (RIM) et l\u2019Union europ\u00e9enne (UE) ont d\u00e9but\u00e9 lundi 26 janvier 2026 \u00e0 l\u2019h\u00f4tel AC Iberia, \u00e0 Las Palmas, en Espagne.<\/p>\n<p>Cette session s\u2019inscrit dans le cadre du renforcement de la coop\u00e9ration bilat\u00e9rale et de l\u2019\u00e9valuation de la mise en \u0153uvre des dispositions de l\u2019accord. Les \u00e9changes ont port\u00e9 sur l\u2019ensemble des axes du partenariat, notamment les activit\u00e9s de p\u00eache, les licences d\u00e9livr\u00e9es au titre des ann\u00e9es 2024 et 2025, les volumes de captures r\u00e9alis\u00e9s ainsi que les revenus g\u00e9n\u00e9r\u00e9s. Les conditions techniques pr\u00e9vues par le protocole encadrant l\u2019accord ont \u00e9galement \u00e9t\u00e9 examin\u00e9es.<\/p>\n<p>La partie europ\u00e9enne a, par ailleurs, pr\u00e9sent\u00e9 un expos\u00e9 sur la coop\u00e9ration scientifique, incluant une synth\u00e8se du rapport de la commission scientifique mixte. Cette pr\u00e9sentation a mis en avant le r\u00f4le central du suivi scientifique dans la pr\u00e9servation des ressources halieutiques et dans la garantie d\u2019une exploitation durable.<\/p>\n<p>Ces discussions interviennent dans un contexte marqu\u00e9 par une pol\u00e9mique r\u00e9cente li\u00e9e \u00e0 la pr\u00e9sence du navire industriel <em>Margiris<\/em>, surnomm\u00e9 le \u00ab Monstre des Mers \u00bb, dans les eaux mauritaniennes. Cette pr\u00e9sence a suscit\u00e9 de vives r\u00e9actions au sein de l\u2019opinion publique et de certains acteurs du secteur. Les autorit\u00e9s ont attribu\u00e9 cette controverse \u00e0 un d\u00e9ficit de communication autour de la venue du navire, rappelant que ses activit\u00e9s s\u2019inscrivent dans le cadre des accords en vigueur et des quotas autoris\u00e9s.<\/p>\n<p><a href=\"https:\/\/ladepeche.mr\/?p=20101\">D.A. Bocar, directeur de la p\u00eache hauturi\u00e8re et c\u00f4ti\u00e8re : \u00ab C\u2019est le manque d\u2019information qui alimente la pol\u00e9mique \u00bb autour du \u201cMargiris\u201d \u2013 La D\u00e9p\u00eache de Mauritanie et du Sahel<\/a><\/p>\n<p>La d\u00e9l\u00e9gation mauritanienne \u00e9tait conduite par le secr\u00e9taire g\u00e9n\u00e9ral du minist\u00e8re de la P\u00eache et des Infrastructures maritimes et portuaires, Sidi Ali Ould Sidi Boubacar. Elle comprenait notamment le commandant des garde-c\u00f4tes mauritaniens, le secr\u00e9taire permanent de l\u2019Observatoire \u00e9conomique et social de la p\u00eache, plusieurs directeurs centraux du secteur ainsi que des repr\u00e9sentants des minist\u00e8res des Finances et des Affaires \u00e9trang\u00e8res.<\/p>\n<p>Du c\u00f4t\u00e9 europ\u00e9en, la r\u00e9union s\u2019est tenue en pr\u00e9sence d\u2019une d\u00e9l\u00e9gation officielle dirig\u00e9e par Luis Molido, accompagn\u00e9e de repr\u00e9sentants de la D\u00e9l\u00e9gation de l\u2019Union europ\u00e9enne \u00e0 Nouakchott et des \u00c9tats membres parties \u00e0 l\u2019accord, dont la Lituanie, la Pologne, l\u2019Espagne et la France.<\/p>\n<p>La rencontre illustre l\u2019importance du partenariat strat\u00e9gique entre la Mauritanie et l\u2019Union europ\u00e9enne dans le domaine de la p\u00eache maritime et la volont\u00e9 commune de consolider une coop\u00e9ration durable fond\u00e9e sur la bonne gouvernance des ressources halieutiques.<\/p>\n<p><a href=\"https:\/\/ladepeche.mr\/?p=20073\">Arriv\u00e9e du Margiris: le cri de d\u00e9tresse des p\u00e9cheurs mauritaniens \u2013 La D\u00e9p\u00eache de Mauritanie et du Sahel<\/a><\/p>\n<p>Le protocole en vigueur couvre la p\u00e9riode du 15 novembre 2021 au 14 novembre 2026 et pr\u00e9voit un m\u00e9canisme de renouvellement automatique. La contribution annuelle de l\u2019UE \u00e0 la Mauritanie s\u2019\u00e9l\u00e8ve \u00e0 environ 60,8 millions d\u2019euros, dont pr\u00e8s de 3,3 millions par an sont consacr\u00e9s au soutien du d\u00e9veloppement durable de la politique halieutique nationale. L\u2019accord inclut \u00e9galement un financement sectoriel additionnel estim\u00e9 \u00e0 16,5 millions d\u2019euros sur la dur\u00e9e du protocole, destin\u00e9 au renforcement de la gouvernance des p\u00eaches, notamment en mati\u00e8re de surveillance, de contr\u00f4le, de lutte contre la p\u00eache ill\u00e9gale et d\u2019appui scientifique.<\/p>\n<p>L\u2019accord autorise les navires des \u00c9tats membres de l\u2019UE \u00e0 p\u00eacher dans les eaux mauritaniennes pour plusieurs cat\u00e9gories, notamment les p\u00eaches p\u00e9lagiques, les poissons d\u00e9mersaux, les thonid\u00e9s et les crevettes. Le volume total annuel de captures autoris\u00e9es est fix\u00e9 entre 280 050 et 288 000 tonnes, selon les modalit\u00e9s et les types de p\u00eacheries.<\/p>\n<p>(m\u00e9dias)<\/p>\n<p>&nbsp;<\/p>\n","protected":false},"excerpt":{"rendered":"<p>Les travaux de la commission mixte de l\u2019accord de partenariat dans le secteur de la p\u00eache entre la R\u00e9publique islamique de Mauritanie (RIM) et l\u2019Union europ\u00e9enne (UE) ont d\u00e9but\u00e9 lundi 26 janvier 2026 \u00e0 l\u2019h\u00f4tel AC Iberia, \u00e0 Las Palmas, en Espagne. Cette session s\u2019inscrit dans le cadre du renforcement de la coop\u00e9ration bilat\u00e9rale et &hellip;<\/p>\n","protected":false},"author":2,"featured_media":20249,"comment_status":"open","ping_status":"open","sticky":false,"template":"","format":"standard","meta":{"footnotes":""},"categories":[18,2],"tags":[],"class_list":["post-20248","post","type-post","status-publish","format-standard","has-post-thumbnail","hentry","category-actualites","category-economie"],"_links":{"self":[{"href":"https:\/\/ladepeche.mr\/index.php?rest_route=\/wp\/v2\/posts\/20248","targetHints":{"allow":["GET"]}}],"collection":[{"href":"https:\/\/ladepeche.mr\/index.php?rest_route=\/wp\/v2\/posts"}],"about":[{"href":"https:\/\/ladepeche.mr\/index.php?rest_route=\/wp\/v2\/types\/post"}],"author":[{"embeddable":true,"href":"https:\/\/ladepeche.mr\/index.php?rest_route=\/wp\/v2\/users\/2"}],"replies":[{"embeddable":true,"href":"https:\/\/ladepeche.mr\/index.php?rest_route=%2Fwp%2Fv2%2Fcomments&post=20248"}],"version-history":[{"count":4,"href":"https:\/\/ladepeche.mr\/index.php?rest_route=\/wp\/v2\/posts\/20248\/revisions"}],"predecessor-version":[{"id":20253,"href":"https:\/\/ladepeche.mr\/index.php?rest_route=\/wp\/v2\/posts\/20248\/revisions\/20253"}],"wp:featuredmedia":[{"embeddable":true,"href":"https:\/\/ladepeche.mr\/index.php?rest_route=\/wp\/v2\/media\/20249"}],"wp:attachment":[{"href":"https:\/\/ladepeche.mr\/index.php?rest_route=%2Fwp%2Fv2%2Fmedia&parent=20248"}],"wp:term":[{"taxonomy":"category","embeddable":true,"href":"https:\/\/ladepeche.mr\/index.php?rest_route=%2Fwp%2Fv2%2Fcategories&post=20248"},{"taxonomy":"post_tag","embeddable":true,"href":"https:\/\/ladepeche.mr\/index.php?rest_route=%2Fwp%2Fv2%2Ftags&post=20248"}],"curies":[{"name":"wp","href":"https:\/\/api.w.org\/{rel}","templated":true}]}}