{"id":20254,"date":"2026-01-27T12:00:17","date_gmt":"2026-01-27T12:00:17","guid":{"rendered":"https:\/\/ladepeche.mr\/?p=20254"},"modified":"2026-01-27T12:00:17","modified_gmt":"2026-01-27T12:00:17","slug":"sahara-le-senegal-renouvelle-a-rabat-son-appui-au-plan-dautonomie-sous-souverainete-marocaine","status":"publish","type":"post","link":"https:\/\/ladepeche.mr\/?p=20254","title":{"rendered":"Sahara- Le S\u00e9n\u00e9gal renouvelle \u00e0 Rabat son appui au plan d\u2019autonomie sous souverainet\u00e9 marocaine"},"content":{"rendered":"<p>La R\u00e9publique du S\u00e9n\u00e9gal a r\u00e9it\u00e9r\u00e9 son soutien ferme et constant \u00e0 l\u2019int\u00e9grit\u00e9 territoriale du Royaume du Maroc et \u00e0 sa souverainet\u00e9 sur l\u2019ensemble de son territoire national, y compris la r\u00e9gion du Sahara.<\/p>\n<p>Cette position a \u00e9t\u00e9 exprim\u00e9e dans le Communiqu\u00e9 conjoint adopt\u00e9, lundi \u00e0 Rabat, \u00e0 l\u2019issue des travaux de la Grande Commission de Coop\u00e9ration maroco-s\u00e9n\u00e9galaise, co-pr\u00e9sid\u00e9e par le Chef du gouvernement, M. Aziz Akhannouch et le Premier ministre s\u00e9n\u00e9galais, M. Ousmane Sonko.<\/p>\n<p>La partie s\u00e9n\u00e9galaise a renouvel\u00e9, \u00e0 cette occasion, son plein appui au plan d\u2019autonomie sous souverainet\u00e9 marocaine pr\u00e9sent\u00e9 par le Maroc comme la seule solution cr\u00e9dible, s\u00e9rieuse et r\u00e9aliste pour le r\u00e8glement de ce diff\u00e9rend r\u00e9gional dans le cadre exclusif des Nations Unies.<\/p>\n<p>Elle s\u2019est \u00e9galement f\u00e9licit\u00e9e de l\u2019adoption historique, le 31 octobre 2025, par le Conseil de s\u00e9curit\u00e9 des Nations Unies, de la r\u00e9solution 2797 qui consacre, dans le cadre de la souverainet\u00e9 marocaine, le plan d\u2019autonomie propos\u00e9 par le Maroc, comme seule base, s\u00e9rieuse, cr\u00e9dible et durable pour parvenir \u00e0 une solution politique \u00e0 ce dossier.<\/p>\n<p>(avec m\u00e9dias)<\/p>\n","protected":false},"excerpt":{"rendered":"<p>La R\u00e9publique du S\u00e9n\u00e9gal a r\u00e9it\u00e9r\u00e9 son soutien ferme et constant \u00e0 l\u2019int\u00e9grit\u00e9 territoriale du Royaume du Maroc et \u00e0 sa souverainet\u00e9 sur l\u2019ensemble de son territoire national, y compris la r\u00e9gion du Sahara. Cette position a \u00e9t\u00e9 exprim\u00e9e dans le Communiqu\u00e9 conjoint adopt\u00e9, lundi \u00e0 Rabat, \u00e0 l\u2019issue des travaux de la Grande Commission &hellip;<\/p>\n","protected":false},"author":2,"featured_media":20255,"comment_status":"open","ping_status":"open","sticky":false,"template":"","format":"standard","meta":{"footnotes":""},"categories":[18,29],"tags":[],"class_list":["post-20254","post","type-post","status-publish","format-standard","has-post-thumbnail","hentry","category-actualites","category-monde"],"_links":{"self":[{"href":"https:\/\/ladepeche.mr\/index.php?rest_route=\/wp\/v2\/posts\/20254","targetHints":{"allow":["GET"]}}],"collection":[{"href":"https:\/\/ladepeche.mr\/index.php?rest_route=\/wp\/v2\/posts"}],"about":[{"href":"https:\/\/ladepeche.mr\/index.php?rest_route=\/wp\/v2\/types\/post"}],"author":[{"embeddable":true,"href":"https:\/\/ladepeche.mr\/index.php?rest_route=\/wp\/v2\/users\/2"}],"replies":[{"embeddable":true,"href":"https:\/\/ladepeche.mr\/index.php?rest_route=%2Fwp%2Fv2%2Fcomments&post=20254"}],"version-history":[{"count":1,"href":"https:\/\/ladepeche.mr\/index.php?rest_route=\/wp\/v2\/posts\/20254\/revisions"}],"predecessor-version":[{"id":20256,"href":"https:\/\/ladepeche.mr\/index.php?rest_route=\/wp\/v2\/posts\/20254\/revisions\/20256"}],"wp:featuredmedia":[{"embeddable":true,"href":"https:\/\/ladepeche.mr\/index.php?rest_route=\/wp\/v2\/media\/20255"}],"wp:attachment":[{"href":"https:\/\/ladepeche.mr\/index.php?rest_route=%2Fwp%2Fv2%2Fmedia&parent=20254"}],"wp:term":[{"taxonomy":"category","embeddable":true,"href":"https:\/\/ladepeche.mr\/index.php?rest_route=%2Fwp%2Fv2%2Fcategories&post=20254"},{"taxonomy":"post_tag","embeddable":true,"href":"https:\/\/ladepeche.mr\/index.php?rest_route=%2Fwp%2Fv2%2Ftags&post=20254"}],"curies":[{"name":"wp","href":"https:\/\/api.w.org\/{rel}","templated":true}]}}