{"id":20257,"date":"2026-01-27T16:35:24","date_gmt":"2026-01-27T16:35:24","guid":{"rendered":"https:\/\/ladepeche.mr\/?p=20257"},"modified":"2026-01-27T16:55:06","modified_gmt":"2026-01-27T16:55:06","slug":"initiative-de-resurgence-abolitionnisteira-menaces-de-mort-contre-le-depute-abolitionniste-biram-ould-dah-ould-abeid-recents-soubresauts-dune-conspiration","status":"publish","type":"post","link":"https:\/\/ladepeche.mr\/?p=20257","title":{"rendered":"Communiqu\u00e9 de l\u2019Initiative de R\u00e9surgence Abolitionniste(IRA)  Menaces de mort contre le d\u00e9put\u00e9 abolitionniste Biram Ould Dah Ould Abeid : R\u00e9cents soubresauts d\u2019une conspiration"},"content":{"rendered":"<p>Durant la nuit du 24 au 25 janvier 2026, lors de sa d\u00e9claration de politique g\u00e9n\u00e9rale face au Parlement, le Premier ministre mauritanien Mokhtar Ould Diay a exprim\u00e9 une position singuli\u00e8re, en r\u00e9ponse \u00e0 une interpellation, \u00e9nonc\u00e9e par la victime :<\/p>\n<p>\u00ab Je vais vous poser une question qui revenait au pr\u00e9sident de l\u2019Assembl\u00e9e nationale, chef du pouvoir l\u00e9gislatif, de vous poser en votre qualit\u00e9 de repr\u00e9sentant de l\u2019Ex\u00e9cutif. Or, en raison du mode de gouvernance dans ce pays, le leader du Parlement h\u00e9site \u00e0 vous interroger. Il m\u2019incombe donc de le remplacer, sans son autorisation pr\u00e9alable : Pourquoi votre ministre de la Justice, Mohamed Ould Soue\u00efdat, m\u2019a-t-il approch\u00e9 pour me demander de confirmer que les avocats qui me repr\u00e9sentent dans cette affaire ont bien d\u00e9pos\u00e9 la plainte requise aupr\u00e8s du Parquet ? Je lui ai r\u00e9pondu par l\u2019affirmative et envoy\u00e9 des copies des documents prouvant que la requ\u00eate a bien \u00e9t\u00e9 introduite selon les usages. Cependant, la d\u00e9cision, par le ministre de la Justice, de suspendre la proc\u00e9dure d\u2019enqu\u00eate confi\u00e9e \u00e0 la gendarmerie, au niveau de la brigade de la cybercriminalit\u00e9 &#8211; pourtant tr\u00e8s active contre les \u00e9crivains et blogueurs de l\u2019opposition &#8211; m\u2019a surpris \u00bb<br \/>\nLa r\u00e9action du Premier ministre n\u2019a malheureusement pas d\u00e9rog\u00e9 \u00e0 l\u2019habitude de la confusion, du d\u00e9ni de la violation, du r\u00e9flex de l\u2019\u00e9vitement et de l\u2019ignorance ou plut\u00f4t de la m\u00e9connaissance du droit.<br \/>\nOuld Diay a tent\u00e9 de reprocher, au chef de file de l\u2019opposition antisyst\u00e8me, Biram Ould Dah Ould Abeid, d\u2019avoir laiss\u00e9 l\u2019affaire parvenir aux m\u00e9dia. Selon lui, la faute pr\u00e9sum\u00e9e constituait la principale raison du non-traitement du dossier, par les autorit\u00e9s, y compris la magistrature. Dans le m\u00eame temps, il expliqua son insistance, \u00e0 trois reprises, devant le ministre de la Justice, sur la n\u00e9cessit\u00e9 de r\u00e9gler le contentieux. A en croire Ould Diay, le susdit continue \u00e0 arguer que la requ\u00eate ne lui est jamais parvenue.<br \/>\nOuld Diay se fendra d\u2019une une formule \u00e0 l\u2019emporte-pi\u00e8ce, que ses mouches \u00e9lectroniques se sont empress\u00e9es de relayer : \u00ab Tu ne doit \u00eatre tu\u00e9 par qui que ce soit \u00bb. La phrase, en d\u00e9pit de son abord h\u00e9ro\u00efque, sacrifie tellement au langage convenu qu\u2019elle perd son peu d\u2019int\u00e9r\u00eat.<br \/>\nAujourd\u2019hui, les s\u00e9quences pr\u00e9cit\u00e9es et le contexte du litige appellent quelques observations, \u00e0 l\u2019intention des citoyens et des partenaires strat\u00e9giques de la Mauritanie :<br \/>\n1. D\u00e8s la publication des appels et menaces de mort au travers de deux comptes Meta, le d\u00e9put\u00e9 Biram Ould Dah Ould Abeid, transmet l\u2019alerte, avec la totalit\u00e9 des preuves \u00e9crites, au Parquet g\u00e9n\u00e9ral, en la personne du ministre de la Justice, sans omettre le chef du gouvernement et le pr\u00e9sident de l\u2019Assembl\u00e9e nationale. Aucun ne r\u00e9agira.<br \/>\n2. A l\u2019appui de la r\u00e9clamation, Biram Ould Dah Ould Abeid mandate deux conseils, en l\u2019occurrence Ma\u00eetres Cheikh Ould Hendi et Ahmed Ould A\u2019ly. L\u2019un et l\u2019autre ont remis une d\u00e9nonciation au procureur de la R\u00e9publique, en vertu de sa comp\u00e9tence territoriale.<br \/>\n3. Plusieurs semaines apr\u00e8s, le ministre de la Justice se met en relation avec la victime afin de se faire confirmer le d\u00e9p\u00f4t de la demande de r\u00e9paration. Malgr\u00e9 la confirmation expresse du requ\u00e9rant, l\u2019interlocuteur reviendra apprendre \u00e0 Biram que le Parquet nie, totalement, la r\u00e9alit\u00e9 de l\u2019acte all\u00e9gu\u00e9. Alors, le d\u00e9put\u00e9 lui communiqua les accus\u00e9s de r\u00e9ception, par les services du tribunal de Nouakchott Sud. Au terme de la v\u00e9rification, le ministre reconnut l\u2019effectivit\u00e9 et la r\u00e9gularit\u00e9 de la proc\u00e9dure.<br \/>\n4. Le procureur de la R\u00e9publique pr\u00e8s le tribunal de Nouakchott Sud confie la plainte \u00e0 la gendarmerie en charge de la police de cybercriminalit\u00e9. Sa correspondance rel\u00e8ve que la police devait mener l\u2019enqu\u00eate mais la lenteur de la transmission l\u2019emp\u00eachait de proc\u00e9der \u00e0 l\u2019arrestation des suspects. Les deux avocats, s\u2019\u00e9tant \u00e9tonn\u00e9s de la mise en garde insolite apostrophent le Parquet. Ce dernier entreprit, \u00e0 son initiative, de supprimer la mention inappropri\u00e9e.<br \/>\n5. Depuis, les avocats relancent la gendarmerie, laquelle invoque des pr\u00e9textes, tergiverse et louvoie san finesse, jusqu\u2019aujourd\u2019hui.<br \/>\n6. Les deux auteurs des appels explicite \u00e0 l\u2019\u00e9limination physique d\u2019un \u00e9lu du peuple jouissent, toujours, de leur libert\u00e9 de mouvement, en l\u2019absence d\u2019une quelconque inculpation et ce malgr\u00e9 la gravit\u00e9 des griefs \u00e0 eux imputables.<\/p>\n<p>A l\u2019occasion, l\u2019Initiative de r\u00e9surgence du mouvement abolitionniste condamne la tol\u00e9rance de l\u2019Etat envers les promoteurs de la haine, d\u00e8s lors que le z\u00e8le chauvin vise les opposants cr\u00e9dibles et incorruptibles, les concitoyens noirs, d\u2019ascendance subsaharienne. La s\u00e9dimentation de l\u2019impunit\u00e9 racialiste ne fait qu\u2019encourager et exacerber le besoin de r\u00e9sistance quotidienne au m\u00e9pris. Le seuil du supportable ayant \u00e9t\u00e9 d\u00e9pass\u00e9 depuis fort longtemps en R\u00e9publique islamique de Mauritanie, la lutte non-violente se rappelle au souvenir des opprim\u00e9s, de leur descendance discrimin\u00e9e mais aussi des justes.<\/p>\n<p>Nouakchott, le 27 janvier 2026<\/p>\n","protected":false},"excerpt":{"rendered":"<p>Durant la nuit du 24 au 25 janvier 2026, lors de sa d\u00e9claration de politique g\u00e9n\u00e9rale face au Parlement, le Premier ministre mauritanien Mokhtar Ould Diay a exprim\u00e9 une position singuli\u00e8re, en r\u00e9ponse \u00e0 une interpellation, \u00e9nonc\u00e9e par la victime : \u00ab Je vais vous poser une question qui revenait au pr\u00e9sident de l\u2019Assembl\u00e9e nationale, &hellip;<\/p>\n","protected":false},"author":2,"featured_media":9978,"comment_status":"open","ping_status":"open","sticky":false,"template":"","format":"standard","meta":{"footnotes":""},"categories":[18,31],"tags":[],"class_list":["post-20257","post","type-post","status-publish","format-standard","has-post-thumbnail","hentry","category-actualites","category-politique-et-reportages"],"_links":{"self":[{"href":"https:\/\/ladepeche.mr\/index.php?rest_route=\/wp\/v2\/posts\/20257","targetHints":{"allow":["GET"]}}],"collection":[{"href":"https:\/\/ladepeche.mr\/index.php?rest_route=\/wp\/v2\/posts"}],"about":[{"href":"https:\/\/ladepeche.mr\/index.php?rest_route=\/wp\/v2\/types\/post"}],"author":[{"embeddable":true,"href":"https:\/\/ladepeche.mr\/index.php?rest_route=\/wp\/v2\/users\/2"}],"replies":[{"embeddable":true,"href":"https:\/\/ladepeche.mr\/index.php?rest_route=%2Fwp%2Fv2%2Fcomments&post=20257"}],"version-history":[{"count":2,"href":"https:\/\/ladepeche.mr\/index.php?rest_route=\/wp\/v2\/posts\/20257\/revisions"}],"predecessor-version":[{"id":20261,"href":"https:\/\/ladepeche.mr\/index.php?rest_route=\/wp\/v2\/posts\/20257\/revisions\/20261"}],"wp:featuredmedia":[{"embeddable":true,"href":"https:\/\/ladepeche.mr\/index.php?rest_route=\/wp\/v2\/media\/9978"}],"wp:attachment":[{"href":"https:\/\/ladepeche.mr\/index.php?rest_route=%2Fwp%2Fv2%2Fmedia&parent=20257"}],"wp:term":[{"taxonomy":"category","embeddable":true,"href":"https:\/\/ladepeche.mr\/index.php?rest_route=%2Fwp%2Fv2%2Fcategories&post=20257"},{"taxonomy":"post_tag","embeddable":true,"href":"https:\/\/ladepeche.mr\/index.php?rest_route=%2Fwp%2Fv2%2Ftags&post=20257"}],"curies":[{"name":"wp","href":"https:\/\/api.w.org\/{rel}","templated":true}]}}