{"id":20259,"date":"2026-01-27T16:37:44","date_gmt":"2026-01-27T16:37:44","guid":{"rendered":"https:\/\/ladepeche.mr\/?p=20259"},"modified":"2026-01-27T16:37:44","modified_gmt":"2026-01-27T16:37:44","slug":"la-rente-memorielle-ne-construit-pas-un-etat-de-droit","status":"publish","type":"post","link":"https:\/\/ladepeche.mr\/?p=20259","title":{"rendered":"\u00ab La rente m\u00e9morielle ne construit pas un \u00c9tat de droit \u00bb"},"content":{"rendered":"<p>Depuis l\u2019Alg\u00e9rie, o\u00f9 je me trouve pour des raisons professionnelles, j\u2019ai lu avec une profonde stup\u00e9faction la d\u00e9claration de Samba Thiam. Ce qui suscite l\u2019inqui\u00e9tude n\u2019est pas seulement le contenu de la critique, mais surtout la contradiction flagrante li\u00e9e \u00e0 l\u2019identit\u00e9 m\u00eame de son auteur.<\/p>\n<p>Il est pour le moins inacceptable que le discours sur l\u2019\u00c9tat de droit soit port\u00e9 par quelqu\u2019un qui n\u2019en a jamais \u00e9t\u00e9 un mod\u00e8le de respect. Son nom reste en effet associ\u00e9, \u00e0 une p\u00e9riode charni\u00e8re de l\u2019histoire nationale, \u00e0 la fondation d\u2019un mouvement s\u00e9paratiste qui a entra\u00een\u00e9 une partie de la jeunesse de sa communaut\u00e9 \u2014 militaires et intellectuels \u2014 dans une aventure arm\u00e9e en dehors de l\u2019\u00c9tat et de la l\u00e9galit\u00e9, \u00e0 un moment o\u00f9 les composantes nationales vivaient une cohabitation historique et naturelle.<\/p>\n<p>Tout ce qui est aujourd\u2019hui d\u00e9sign\u00e9 sous l\u2019appellation de \u00ab dossier du passif humanitaire \u00bb, transform\u00e9 par certains courants flamistes et leurs alli\u00e9s en capital politique et en rente m\u00e9morielle, n\u2019est nullement le fruit d\u2019un destin c\u00e9leste. Il constitue la cons\u00e9quence directe de cette aventure hasardeuse qui a fait sortir le conflit de son cadre national pour l\u2019engager dans une trajectoire de confrontation \u00e9trang\u00e8re \u00e0 l\u2019\u00c9tat de droit et \u00e0 la logique institutionnelle.<\/p>\n<p>D\u00e8s lors, le discours actuel sur les libert\u00e9s et l\u2019ind\u00e9pendance de la justice, tenu sur le ton d\u2019un pr\u00eache moral, manque du minimum de coh\u00e9rence politique et historique. L\u2019\u00c9tat de droit ne se construit ni par le blanchiment du pass\u00e9, ni par l\u2019exploitation des blessures, mais par la reconnaissance des erreurs et l\u2019acceptation des responsabilit\u00e9s qui en d\u00e9coulent.<\/p>\n<p>Pr\u00e9tendre aujourd\u2019hui que la Mauritanie \u00e9voluerait en dehors du cadre l\u00e9gal rel\u00e8ve d\u2019un d\u00e9ni d\u00e9lib\u00e9r\u00e9 du processus r\u00e9formateur clair engag\u00e9 par l\u2019\u00c9tat sous la conduite de Son Excellence le Pr\u00e9sident de la R\u00e9publique Mohamed Ould Cheikh El Ghazouani \u2014 un processus fond\u00e9 sur l\u2019apaisement, la consolidation des institutions et le traitement des dossiers sensibles \u00e0 l\u2019\u00e9cart des surench\u00e8res et des provocations.<\/p>\n<p>Soyons clairs : la critique est un droit, mais la surench\u00e8re est inacceptable, et l\u2019instrumentalisation de la m\u00e9moire \u00e0 des fins politiques est condamnable. Ceux qui ont contribu\u00e9 \u00e0 sortir le conflit du champ de la l\u00e9galit\u00e9 ne sont ni moralement ni politiquement qualifi\u00e9s pour donner des le\u00e7ons en la mati\u00e8re. L\u2019\u00c9tat de droit se sert par la responsabilit\u00e9, non par la reproduction permanente d\u2019un discours de crise.<\/p>\n<p>Ahmed Khattry<br \/>\nMembre du Bureau politique du parti El Insaf<\/p>\n","protected":false},"excerpt":{"rendered":"<p>Depuis l\u2019Alg\u00e9rie, o\u00f9 je me trouve pour des raisons professionnelles, j\u2019ai lu avec une profonde stup\u00e9faction la d\u00e9claration de Samba Thiam. Ce qui suscite l\u2019inqui\u00e9tude n\u2019est pas seulement le contenu de la critique, mais surtout la contradiction flagrante li\u00e9e \u00e0 l\u2019identit\u00e9 m\u00eame de son auteur. Il est pour le moins inacceptable que le discours sur &hellip;<\/p>\n","protected":false},"author":2,"featured_media":19982,"comment_status":"open","ping_status":"open","sticky":false,"template":"","format":"standard","meta":{"footnotes":""},"categories":[18,31,19],"tags":[],"class_list":["post-20259","post","type-post","status-publish","format-standard","has-post-thumbnail","hentry","category-actualites","category-politique-et-reportages","category-tribune"],"_links":{"self":[{"href":"https:\/\/ladepeche.mr\/index.php?rest_route=\/wp\/v2\/posts\/20259","targetHints":{"allow":["GET"]}}],"collection":[{"href":"https:\/\/ladepeche.mr\/index.php?rest_route=\/wp\/v2\/posts"}],"about":[{"href":"https:\/\/ladepeche.mr\/index.php?rest_route=\/wp\/v2\/types\/post"}],"author":[{"embeddable":true,"href":"https:\/\/ladepeche.mr\/index.php?rest_route=\/wp\/v2\/users\/2"}],"replies":[{"embeddable":true,"href":"https:\/\/ladepeche.mr\/index.php?rest_route=%2Fwp%2Fv2%2Fcomments&post=20259"}],"version-history":[{"count":1,"href":"https:\/\/ladepeche.mr\/index.php?rest_route=\/wp\/v2\/posts\/20259\/revisions"}],"predecessor-version":[{"id":20260,"href":"https:\/\/ladepeche.mr\/index.php?rest_route=\/wp\/v2\/posts\/20259\/revisions\/20260"}],"wp:featuredmedia":[{"embeddable":true,"href":"https:\/\/ladepeche.mr\/index.php?rest_route=\/wp\/v2\/media\/19982"}],"wp:attachment":[{"href":"https:\/\/ladepeche.mr\/index.php?rest_route=%2Fwp%2Fv2%2Fmedia&parent=20259"}],"wp:term":[{"taxonomy":"category","embeddable":true,"href":"https:\/\/ladepeche.mr\/index.php?rest_route=%2Fwp%2Fv2%2Fcategories&post=20259"},{"taxonomy":"post_tag","embeddable":true,"href":"https:\/\/ladepeche.mr\/index.php?rest_route=%2Fwp%2Fv2%2Ftags&post=20259"}],"curies":[{"name":"wp","href":"https:\/\/api.w.org\/{rel}","templated":true}]}}