{"id":20262,"date":"2026-01-28T11:47:35","date_gmt":"2026-01-28T11:47:35","guid":{"rendered":"https:\/\/ladepeche.mr\/?p=20262"},"modified":"2026-01-28T11:47:35","modified_gmt":"2026-01-28T11:47:35","slug":"lutte-contre-le-trafic-des-migrants-un-nouveau-projet-francais-dun-million-deuros","status":"publish","type":"post","link":"https:\/\/ladepeche.mr\/?p=20262","title":{"rendered":"Lutte contre le trafic des migrants: Un nouveau projet fran\u00e7ais d&#8217;un million d&#8217;euros"},"content":{"rendered":"<p data-start=\"80\" data-end=\"442\">La Mauritanie et la France ont lanc\u00e9 ce mardi un projet conjoint de renforcement de la cha\u00eene p\u00e9nale dans la lutte contre le trafic de migrants, d\u2019une dur\u00e9e de 24 mois et financ\u00e9 \u00e0 hauteur de 1 million d\u2019euros par la France, visant \u00e0 appuyer les autorit\u00e9s mauritaniennes dans l\u2019\u00e9radication de ce ph\u00e9nom\u00e8ne et la protection des victimes.<\/p>\n<p data-start=\"444\" data-end=\"837\">Mis en \u0153uvre avec l\u2019appui de l\u2019Ambassade de France et d\u2019Expertise France, ce projet entend renforcer la r\u00e9ponse p\u00e9nale face \u00e0 des r\u00e9seaux criminels organis\u00e9s qui continuent d\u2019exposer des migrants vuln\u00e9rables \u00e0 des pratiques inhumaines, malgr\u00e9 la baisse de la pression migratoire observ\u00e9e en 2025, marqu\u00e9e par une diminution des arriv\u00e9es aux Canaries (17 000 en 2025 contre 47 000 en 2024).<\/p>\n<p data-start=\"839\" data-end=\"1487\">Le programme repose sur une double ambition de lutte et de protection, articul\u00e9e autour de trois axes principaux : le renforcement des capacit\u00e9s des acteurs de la cha\u00eene p\u00e9nale \u00e0 travers des formations sp\u00e9cialis\u00e9es et une dotation en mat\u00e9riel au profit du tribunal comp\u00e9tent ; le d\u00e9veloppement d\u2019une synergie entre les administrations concern\u00e9es afin d\u2019am\u00e9liorer la coordination et la communication ; et la protection des migrants, notamment par un appui \u00e0 la soci\u00e9t\u00e9 civile, des campagnes de pr\u00e9vention contre l\u2019immigration irr\u00e9guli\u00e8re, une \u00e9tude sur les femmes et enfants victimes de trafic et un soutien aux structures d\u2019accueil.<\/p>\n<p data-start=\"1489\" data-end=\"1794\">La mise en \u0153uvre du projet mobilisera de nombreux acteurs mauritaniens, dont les minist\u00e8res de la Justice, de la D\u00e9fense et de l\u2019Int\u00e9rieur, le Commissariat aux droits de l\u2019homme, les autorit\u00e9s judiciaires, les forces de s\u00e9curit\u00e9, leurs \u00e9coles de formation ainsi que les organisations de la soci\u00e9t\u00e9 civile.<\/p>\n<p data-start=\"1796\" data-end=\"2266\">Cette initiative s\u2019inscrit dans la continuit\u00e9 de l\u2019engagement de la France aux c\u00f4t\u00e9s de la Mauritanie pour lutter contre les flux migratoires irr\u00e9guliers, tout en renfor\u00e7ant l\u2019\u00c9tat de droit et la protection des droits humains. Elle vient compl\u00e9ter les actions d\u00e9j\u00e0 men\u00e9es par l\u2019ambassade de France, le projet d\u2019appui au secteur de la justice port\u00e9 par l\u2019AFD, ainsi que le projet r\u00e9gional d\u2019appui aux Bureaux d\u2019Entraide P\u00e9nale Internationale conduit par Expertise France.<\/p>\n<p data-start=\"2268\" data-end=\"2461\">La c\u00e9r\u00e9monie de lancement du projet s\u2019est tenue en pr\u00e9sence de l\u2019ambassadeur de France en Mauritanie, Emmanuel Besnier, et du ministre mauritanien de la Justice, Mohamed Ould Soueidatt.<\/p>\n<p data-start=\"2268\" data-end=\"2461\">(avec cridem)<\/p>\n","protected":false},"excerpt":{"rendered":"<p>La Mauritanie et la France ont lanc\u00e9 ce mardi un projet conjoint de renforcement de la cha\u00eene p\u00e9nale dans la lutte contre le trafic de migrants, d\u2019une dur\u00e9e de 24 mois et financ\u00e9 \u00e0 hauteur de 1 million d\u2019euros par la France, visant \u00e0 appuyer les autorit\u00e9s mauritaniennes dans l\u2019\u00e9radication de ce ph\u00e9nom\u00e8ne et la &hellip;<\/p>\n","protected":false},"author":2,"featured_media":13615,"comment_status":"open","ping_status":"open","sticky":false,"template":"","format":"standard","meta":{"footnotes":""},"categories":[18,29],"tags":[],"class_list":["post-20262","post","type-post","status-publish","format-standard","has-post-thumbnail","hentry","category-actualites","category-monde"],"_links":{"self":[{"href":"https:\/\/ladepeche.mr\/index.php?rest_route=\/wp\/v2\/posts\/20262","targetHints":{"allow":["GET"]}}],"collection":[{"href":"https:\/\/ladepeche.mr\/index.php?rest_route=\/wp\/v2\/posts"}],"about":[{"href":"https:\/\/ladepeche.mr\/index.php?rest_route=\/wp\/v2\/types\/post"}],"author":[{"embeddable":true,"href":"https:\/\/ladepeche.mr\/index.php?rest_route=\/wp\/v2\/users\/2"}],"replies":[{"embeddable":true,"href":"https:\/\/ladepeche.mr\/index.php?rest_route=%2Fwp%2Fv2%2Fcomments&post=20262"}],"version-history":[{"count":1,"href":"https:\/\/ladepeche.mr\/index.php?rest_route=\/wp\/v2\/posts\/20262\/revisions"}],"predecessor-version":[{"id":20263,"href":"https:\/\/ladepeche.mr\/index.php?rest_route=\/wp\/v2\/posts\/20262\/revisions\/20263"}],"wp:featuredmedia":[{"embeddable":true,"href":"https:\/\/ladepeche.mr\/index.php?rest_route=\/wp\/v2\/media\/13615"}],"wp:attachment":[{"href":"https:\/\/ladepeche.mr\/index.php?rest_route=%2Fwp%2Fv2%2Fmedia&parent=20262"}],"wp:term":[{"taxonomy":"category","embeddable":true,"href":"https:\/\/ladepeche.mr\/index.php?rest_route=%2Fwp%2Fv2%2Fcategories&post=20262"},{"taxonomy":"post_tag","embeddable":true,"href":"https:\/\/ladepeche.mr\/index.php?rest_route=%2Fwp%2Fv2%2Ftags&post=20262"}],"curies":[{"name":"wp","href":"https:\/\/api.w.org\/{rel}","templated":true}]}}