{"id":20264,"date":"2026-01-28T12:06:32","date_gmt":"2026-01-28T12:06:32","guid":{"rendered":"https:\/\/ladepeche.mr\/?p=20264"},"modified":"2026-01-28T12:06:32","modified_gmt":"2026-01-28T12:06:32","slug":"exploitation-exclusive-du-poulpe-par-les-mauritaniens-sur-les-traces-de-cheikh-ould-baya","status":"publish","type":"post","link":"https:\/\/ladepeche.mr\/?p=20264","title":{"rendered":"Exploitation exclusive du poulpe par les mauritaniens\u00a0: Sur les traces de Cheikh Ould Baya"},"content":{"rendered":"<p>La Mauritanie a r\u00e9affirm\u00e9, mardi, sa volont\u00e9 de r\u00e9server l\u2019exploitation du poulpe exclusivement aux Mauritaniens, lors du lancement du Forum scientifique international sur les c\u00e9phalopodes \u00e0 Nouakchott.<\/p>\n<p>Ouvrant les travaux au si\u00e8ge de l\u2019Institut Mauritanien de Recherches Oc\u00e9anographiques et des P\u00eaches (IMROP), le ministre de la P\u00eache, Mokhtar Ahmed Bousse\u00eff, a soulign\u00e9 que le poulpe, qui repr\u00e9sente pr\u00e8s de 50 % de la valeur des exportations halieutiques nationales, constitue une ressource strat\u00e9gique dont la gestion doit pr\u00e9server en priorit\u00e9 les int\u00e9r\u00eats nationaux.<\/p>\n<p>Il a indiqu\u00e9 que cette p\u00eacherie est la premi\u00e8re \u00e0 \u00eatre encadr\u00e9e par un plan de r\u00e9habilitation actualis\u00e9, fond\u00e9 sur des donn\u00e9es scientifiques, et a annonc\u00e9 l\u2019ach\u00e8vement prochain des proc\u00e9dures de certification \u00e9cologique selon les normes du Marine Stewardship Council (MSC).<\/p>\n<p>Cette mesure, suivie par celle des quotas, est, faut-il le rappeler, l\u2019\u0153uvre de l\u2019ancien n\u00e9gociateur mauritanien aux accords de partenariat de p\u00eache, l\u2019ancien pr\u00e9sident de l\u2019Assembl\u00e9e nationale, Cheikh Ould Baya. Une mesure qui s&#8217;est r\u00e9v\u00e9l\u00e9e, malgr\u00e9 la r\u00e9ticence des europ\u00e9ens, au d\u00e9but, comme action salvatrice notamment pour la p\u00eache artisanale dans notre pays.<\/p>\n<p>Les travaux du forum, qui se poursuivent jusqu\u2019\u00e0 jeudi avec la participation d\u2019experts nationaux et internationaux, visent \u00e0 renforcer la gestion durable des stocks de poulpe face aux d\u00e9fis \u00e9cologiques et \u00e9conomiques.<\/p>\n","protected":false},"excerpt":{"rendered":"<p>La Mauritanie a r\u00e9affirm\u00e9, mardi, sa volont\u00e9 de r\u00e9server l\u2019exploitation du poulpe exclusivement aux Mauritaniens, lors du lancement du Forum scientifique international sur les c\u00e9phalopodes \u00e0 Nouakchott. Ouvrant les travaux au si\u00e8ge de l\u2019Institut Mauritanien de Recherches Oc\u00e9anographiques et des P\u00eaches (IMROP), le ministre de la P\u00eache, Mokhtar Ahmed Bousse\u00eff, a soulign\u00e9 que le poulpe, &hellip;<\/p>\n","protected":false},"author":2,"featured_media":20265,"comment_status":"open","ping_status":"open","sticky":false,"template":"","format":"standard","meta":{"footnotes":""},"categories":[18,2],"tags":[],"class_list":["post-20264","post","type-post","status-publish","format-standard","has-post-thumbnail","hentry","category-actualites","category-economie"],"_links":{"self":[{"href":"https:\/\/ladepeche.mr\/index.php?rest_route=\/wp\/v2\/posts\/20264","targetHints":{"allow":["GET"]}}],"collection":[{"href":"https:\/\/ladepeche.mr\/index.php?rest_route=\/wp\/v2\/posts"}],"about":[{"href":"https:\/\/ladepeche.mr\/index.php?rest_route=\/wp\/v2\/types\/post"}],"author":[{"embeddable":true,"href":"https:\/\/ladepeche.mr\/index.php?rest_route=\/wp\/v2\/users\/2"}],"replies":[{"embeddable":true,"href":"https:\/\/ladepeche.mr\/index.php?rest_route=%2Fwp%2Fv2%2Fcomments&post=20264"}],"version-history":[{"count":1,"href":"https:\/\/ladepeche.mr\/index.php?rest_route=\/wp\/v2\/posts\/20264\/revisions"}],"predecessor-version":[{"id":20266,"href":"https:\/\/ladepeche.mr\/index.php?rest_route=\/wp\/v2\/posts\/20264\/revisions\/20266"}],"wp:featuredmedia":[{"embeddable":true,"href":"https:\/\/ladepeche.mr\/index.php?rest_route=\/wp\/v2\/media\/20265"}],"wp:attachment":[{"href":"https:\/\/ladepeche.mr\/index.php?rest_route=%2Fwp%2Fv2%2Fmedia&parent=20264"}],"wp:term":[{"taxonomy":"category","embeddable":true,"href":"https:\/\/ladepeche.mr\/index.php?rest_route=%2Fwp%2Fv2%2Fcategories&post=20264"},{"taxonomy":"post_tag","embeddable":true,"href":"https:\/\/ladepeche.mr\/index.php?rest_route=%2Fwp%2Fv2%2Ftags&post=20264"}],"curies":[{"name":"wp","href":"https:\/\/api.w.org\/{rel}","templated":true}]}}