{"id":20270,"date":"2026-01-28T16:38:19","date_gmt":"2026-01-28T16:38:19","guid":{"rendered":"https:\/\/ladepeche.mr\/?p=20270"},"modified":"2026-01-28T16:38:19","modified_gmt":"2026-01-28T16:38:19","slug":"aes-le-mali-sengage-dans-la-production-dexplosifs-civils","status":"publish","type":"post","link":"https:\/\/ladepeche.mr\/?p=20270","title":{"rendered":"AES : le Mali s&#8217;engage dans la production d\u2019explosifs civils"},"content":{"rendered":"<p data-t=\"{&quot;n&quot;:&quot;blueLinks&quot;,&quot;t&quot;:13,&quot;a&quot;:&quot;click&quot;,&quot;b&quot;:76}\"><strong>Le Mali s&#8217;est engag\u00e9 dans la production d\u2019explosifs civils avec l\u2019acquisition d&#8217;une part majoritaire du capital d\u2019une soci\u00e9t\u00e9 sp\u00e9cialis\u00e9e dans la fabrication d&#8217;articles pyrotechniques.<\/strong><\/p>\n<p data-t=\"{&quot;n&quot;:&quot;blueLinks&quot;,&quot;t&quot;:13,&quot;a&quot;:&quot;click&quot;,&quot;b&quot;:76}\">Un communiqu\u00e9 publi\u00e9 \u00e0 l&#8217;issue d&#8217;un Conseil des ministres indique que cette d\u00e9cision s\u2019inscrit dans la mise en \u0153uvre des r\u00e9formes engag\u00e9es dans le secteur minier depuis l\u2019adoption du nouveau Code minier.<\/p>\n<p data-t=\"{&quot;n&quot;:&quot;blueLinks&quot;,&quot;t&quot;:13,&quot;a&quot;:&quot;click&quot;,&quot;b&quot;:76}\">L&#8217;\u00e9tat malien d\u00e9tient d\u00e9sormais 51 % du capital de la Soci\u00e9t\u00e9 Industrielle du Centre du Mali FARATCHI-CO-SA.<\/p>\n<p data-t=\"{&quot;n&quot;:&quot;blueLinks&quot;,&quot;t&quot;:13,&quot;a&quot;:&quot;click&quot;,&quot;b&quot;:76}\">Cette entreprise est cr\u00e9\u00e9e en partenariat avec la soci\u00e9t\u00e9 chinoise Auxin, \u00e0 la suite d\u2019un pacte d\u2019actionnaires sign\u00e9 en novembre 2024.<\/p>\n<p class=\"continue-read-break\" data-t=\"{&quot;n&quot;:&quot;blueLinks&quot;,&quot;t&quot;:13,&quot;a&quot;:&quot;click&quot;,&quot;b&quot;:76}\">Il s&#8217;agit de renforcer la gestion des explosifs \u00e0 usage civil, \u00e0 d\u00e9velopper une industrie locale et \u00e0 am\u00e9liorer les m\u00e9canismes de surveillance et de s\u00e9curit\u00e9 li\u00e9s \u00e0 leur utilisation, notamment dans les activit\u00e9s mini\u00e8res, selon la note d&#8217;information.<\/p>\n<p data-t=\"{&quot;n&quot;:&quot;blueLinks&quot;,&quot;t&quot;:13,&quot;a&quot;:&quot;click&quot;,&quot;b&quot;:76}\">Les explosifs civils sont utilis\u00e9s principalement dans l\u2019exploitation aurif\u00e8re industrielle, les carri\u00e8res et certains travaux de g\u00e9nie civil.<\/p>\n<p data-t=\"{&quot;n&quot;:&quot;blueLinks&quot;,&quot;t&quot;:13,&quot;a&quot;:&quot;click&quot;,&quot;b&quot;:76}\">Le Mali, l\u2019un des principaux producteurs d\u2019or du continent africain, d\u00e9pend historiquement des importations pour l\u2019approvisionnement de ce type de produits sensibles.<\/p>\n<p data-t=\"{&quot;n&quot;:&quot;blueLinks&quot;,&quot;t&quot;:13,&quot;a&quot;:&quot;click&quot;,&quot;b&quot;:76}\"><a href=\"https:\/\/www.msn.com\/fr-xl\/actualite\/other\/aes-le-mali-s-engage-dans-la-production-d-explosifs-civils\/ar-AA1V8DDO?ocid=msedgdhp&amp;pc=U531&amp;cvid=697a38580a3b497983f0a723ce47761a&amp;ei=30\">AES : le Mali s&#8217;engage dans la production d\u2019explosifs civils<\/a><\/p>\n","protected":false},"excerpt":{"rendered":"<p>Le Mali s&#8217;est engag\u00e9 dans la production d\u2019explosifs civils avec l\u2019acquisition d&#8217;une part majoritaire du capital d\u2019une soci\u00e9t\u00e9 sp\u00e9cialis\u00e9e dans la fabrication d&#8217;articles pyrotechniques. Un communiqu\u00e9 publi\u00e9 \u00e0 l&#8217;issue d&#8217;un Conseil des ministres indique que cette d\u00e9cision s\u2019inscrit dans la mise en \u0153uvre des r\u00e9formes engag\u00e9es dans le secteur minier depuis l\u2019adoption du nouveau Code &hellip;<\/p>\n","protected":false},"author":2,"featured_media":20271,"comment_status":"open","ping_status":"open","sticky":false,"template":"","format":"standard","meta":{"footnotes":""},"categories":[18,29],"tags":[],"class_list":["post-20270","post","type-post","status-publish","format-standard","has-post-thumbnail","hentry","category-actualites","category-monde"],"_links":{"self":[{"href":"https:\/\/ladepeche.mr\/index.php?rest_route=\/wp\/v2\/posts\/20270","targetHints":{"allow":["GET"]}}],"collection":[{"href":"https:\/\/ladepeche.mr\/index.php?rest_route=\/wp\/v2\/posts"}],"about":[{"href":"https:\/\/ladepeche.mr\/index.php?rest_route=\/wp\/v2\/types\/post"}],"author":[{"embeddable":true,"href":"https:\/\/ladepeche.mr\/index.php?rest_route=\/wp\/v2\/users\/2"}],"replies":[{"embeddable":true,"href":"https:\/\/ladepeche.mr\/index.php?rest_route=%2Fwp%2Fv2%2Fcomments&post=20270"}],"version-history":[{"count":1,"href":"https:\/\/ladepeche.mr\/index.php?rest_route=\/wp\/v2\/posts\/20270\/revisions"}],"predecessor-version":[{"id":20272,"href":"https:\/\/ladepeche.mr\/index.php?rest_route=\/wp\/v2\/posts\/20270\/revisions\/20272"}],"wp:featuredmedia":[{"embeddable":true,"href":"https:\/\/ladepeche.mr\/index.php?rest_route=\/wp\/v2\/media\/20271"}],"wp:attachment":[{"href":"https:\/\/ladepeche.mr\/index.php?rest_route=%2Fwp%2Fv2%2Fmedia&parent=20270"}],"wp:term":[{"taxonomy":"category","embeddable":true,"href":"https:\/\/ladepeche.mr\/index.php?rest_route=%2Fwp%2Fv2%2Fcategories&post=20270"},{"taxonomy":"post_tag","embeddable":true,"href":"https:\/\/ladepeche.mr\/index.php?rest_route=%2Fwp%2Fv2%2Ftags&post=20270"}],"curies":[{"name":"wp","href":"https:\/\/api.w.org\/{rel}","templated":true}]}}