{"id":20275,"date":"2026-01-28T19:01:37","date_gmt":"2026-01-28T19:01:37","guid":{"rendered":"https:\/\/ladepeche.mr\/?p=20275"},"modified":"2026-01-28T17:04:10","modified_gmt":"2026-01-28T17:04:10","slug":"rdc-deces-de-roland-lumumba-fils-de-patrice-emery-lumumba","status":"publish","type":"post","link":"https:\/\/ladepeche.mr\/?p=20275","title":{"rendered":"RDC : d\u00e9c\u00e8s de Roland Lumumba, fils de Patrice Emery Lumumba"},"content":{"rendered":"<p><strong>Roland-Gilbert Okito Lumumba, homme politique congolais et fils du premier Premier ministre de la RDC, est d\u00e9c\u00e9d\u00e9 mercredi 28 janvier \u00e0 Kinshasa.<\/strong><\/p>\n<p data-t=\"{&quot;n&quot;:&quot;blueLinks&quot;,&quot;t&quot;:13,&quot;a&quot;:&quot;click&quot;,&quot;b&quot;:76}\"><strong>Roland-Gilbert Okito Lumumba, fils de Patrice Emery Lumumba, est d\u00e9c\u00e9d\u00e9 ce mercredi 28 janvier \u00e0 Kinshasa. N\u00e9 en 1958, quelques ann\u00e9es avant l\u2019assassinat de son p\u00e8re en 1961, il \u00e9tait homme politique congolais et architecte de formation.<\/strong><\/p>\n<p data-t=\"{&quot;n&quot;:&quot;blueLinks&quot;,&quot;t&quot;:13,&quot;a&quot;:&quot;click&quot;,&quot;b&quot;:76}\">Il a grandi entre la R\u00e9publique d\u00e9mocratique du Congo et l\u2019\u00e9tranger, o\u00f9 il a poursuivi ses \u00e9tudes avant de se former \u00e0 l\u2019architecture, profession qu\u2019il a exerc\u00e9e avant son entr\u00e9e en politique. Roland Lumumba a ensuite \u00e9t\u00e9 \u00e9lu d\u00e9put\u00e9 national, un mandat qu\u2019il a occup\u00e9 pendant pr\u00e8s d\u2019une d\u00e9cennie. Son parcours politique est rest\u00e9 marqu\u00e9 par une certaine discr\u00e9tion, malgr\u00e9 la forte charge symbolique du nom Lumumba dans l\u2019histoire politique congolaise.<\/p>\n<div class=\"intra-article-module\" data-t=\"{&quot;n&quot;:&quot;intraArticle&quot;,&quot;t&quot;:13}\">\n<div class=\"articlePageIntraArticleFullWidth ad-slot-placeholder left-image-intra-ad full-bleed-image-intra-ad collapsed\" data-ad-index=\"0\">\n<div class=\"intra-article-ad-full left-image-intra-ad full-bleed-image-intra-ad\">\n<div class=\"full-bleed-image-intra-ad\"><a class=\"call-to-action-link\" target=\"_blank\" rel=\"noopener noreferrer\"><span style=\"color: #2b2b2b;\">Profond\u00e9ment attach\u00e9 \u00e0 la m\u00e9moire et \u00e0 l\u2019h\u00e9ritage politique de son p\u00e8re, Roland Lumumba s\u2019est engag\u00e9 dans les d\u00e9marches visant \u00e0 faire la lumi\u00e8re sur les circonstances de l\u2019assassinat de Patrice Lumumba. Il a notamment pris part aux proc\u00e9dures judiciaires engag\u00e9es en Belgique \u00e0 la suite de la plainte d\u00e9pos\u00e9e par la famille Lumumba en 2011 pour crimes de guerre. \u00c0 plusieurs reprises, il s\u2019est rendu \u00e0 Bruxelles pour assister aux audiences, affirmant que sa d\u00e9marche relevait avant tout d\u2019une qu\u00eate de v\u00e9rit\u00e9 historique, et non d\u2019un d\u00e9sir de vengeance.<\/span><\/a><\/div>\n<\/div>\n<\/div>\n<\/div>\n<p data-t=\"{&quot;n&quot;:&quot;blueLinks&quot;,&quot;t&quot;:13,&quot;a&quot;:&quot;click&quot;,&quot;b&quot;:76}\">Il a \u00e9galement contribu\u00e9 au processus de restitution \u00e0 la R\u00e9publique d\u00e9mocratique du Congo de la relique de Patrice Lumumba, conserv\u00e9e en Belgique et officiellement restitu\u00e9e en juin 2022 lors d\u2019une c\u00e9r\u00e9monie \u00e0 Bruxelles.<\/p>\n<p data-t=\"{&quot;n&quot;:&quot;blueLinks&quot;,&quot;t&quot;:13,&quot;a&quot;:&quot;click&quot;,&quot;b&quot;:76}\"><a href=\"https:\/\/www.msn.com\/fr-xl\/actualite\/other\/rdc-d%C3%A9c%C3%A8s-de-roland-lumumba-fils-de-patrice-emery-lumumba\/ar-AA1Vb2WE?ocid=msedgntp&amp;pc=U531&amp;cvid=697a3c57aa3c4b9b9ed31606bee6d6f7&amp;ei=27&amp;cvpid=1377598903f942ab896f77c36f19ed96\">RDC : d\u00e9c\u00e8s de Roland Lumumba, fils de Patrice Emery Lumumba<\/a><\/p>\n","protected":false},"excerpt":{"rendered":"<p>Roland-Gilbert Okito Lumumba, homme politique congolais et fils du premier Premier ministre de la RDC, est d\u00e9c\u00e9d\u00e9 mercredi 28 janvier \u00e0 Kinshasa. Roland-Gilbert Okito Lumumba, fils de Patrice Emery Lumumba, est d\u00e9c\u00e9d\u00e9 ce mercredi 28 janvier \u00e0 Kinshasa. N\u00e9 en 1958, quelques ann\u00e9es avant l\u2019assassinat de son p\u00e8re en 1961, il \u00e9tait homme politique congolais &hellip;<\/p>\n","protected":false},"author":2,"featured_media":20276,"comment_status":"open","ping_status":"open","sticky":false,"template":"","format":"standard","meta":{"footnotes":""},"categories":[18,29],"tags":[],"class_list":["post-20275","post","type-post","status-publish","format-standard","has-post-thumbnail","hentry","category-actualites","category-monde"],"_links":{"self":[{"href":"https:\/\/ladepeche.mr\/index.php?rest_route=\/wp\/v2\/posts\/20275","targetHints":{"allow":["GET"]}}],"collection":[{"href":"https:\/\/ladepeche.mr\/index.php?rest_route=\/wp\/v2\/posts"}],"about":[{"href":"https:\/\/ladepeche.mr\/index.php?rest_route=\/wp\/v2\/types\/post"}],"author":[{"embeddable":true,"href":"https:\/\/ladepeche.mr\/index.php?rest_route=\/wp\/v2\/users\/2"}],"replies":[{"embeddable":true,"href":"https:\/\/ladepeche.mr\/index.php?rest_route=%2Fwp%2Fv2%2Fcomments&post=20275"}],"version-history":[{"count":1,"href":"https:\/\/ladepeche.mr\/index.php?rest_route=\/wp\/v2\/posts\/20275\/revisions"}],"predecessor-version":[{"id":20277,"href":"https:\/\/ladepeche.mr\/index.php?rest_route=\/wp\/v2\/posts\/20275\/revisions\/20277"}],"wp:featuredmedia":[{"embeddable":true,"href":"https:\/\/ladepeche.mr\/index.php?rest_route=\/wp\/v2\/media\/20276"}],"wp:attachment":[{"href":"https:\/\/ladepeche.mr\/index.php?rest_route=%2Fwp%2Fv2%2Fmedia&parent=20275"}],"wp:term":[{"taxonomy":"category","embeddable":true,"href":"https:\/\/ladepeche.mr\/index.php?rest_route=%2Fwp%2Fv2%2Fcategories&post=20275"},{"taxonomy":"post_tag","embeddable":true,"href":"https:\/\/ladepeche.mr\/index.php?rest_route=%2Fwp%2Fv2%2Ftags&post=20275"}],"curies":[{"name":"wp","href":"https:\/\/api.w.org\/{rel}","templated":true}]}}