{"id":20278,"date":"2026-01-28T17:30:38","date_gmt":"2026-01-28T17:30:38","guid":{"rendered":"https:\/\/ladepeche.mr\/?p=20278"},"modified":"2026-01-28T17:13:09","modified_gmt":"2026-01-28T17:13:09","slug":"social-restitution-dune-etude-sur-le-systeme-de-securite","status":"publish","type":"post","link":"https:\/\/ladepeche.mr\/?p=20278","title":{"rendered":"Social: restitution d&#8217;une \u00e9tude sur le syst\u00e8me de s\u00e9curit\u00e9"},"content":{"rendered":"<p data-start=\"139\" data-end=\"443\">Le minist\u00e8re de la Fonction publique et du Travail a organis\u00e9, mardi \u00e0 Nouakchott, un atelier consacr\u00e9 aux donn\u00e9es relatives aux syst\u00e8mes de s\u00e9curit\u00e9 sociale en Mauritanie, visant \u00e0 pr\u00e9senter les r\u00e9sultats d\u2019une \u00e9tude r\u00e9alis\u00e9e avec l\u2019appui technique et financier du Bureau international du travail (BIT).<\/p>\n<p data-start=\"445\" data-end=\"811\">Cette \u00e9tude porte sur les syst\u00e8mes de s\u00e9curit\u00e9 sociale contributifs et non contributifs et a pour objectif de fournir aux d\u00e9cideurs un outil de r\u00e9f\u00e9rence fond\u00e9 sur des donn\u00e9es pr\u00e9cises et actualis\u00e9es, permettant d\u2019\u00e9valuer la couverture, l\u2019efficacit\u00e9, le niveau d\u2019int\u00e9gration de ces syst\u00e8mes, ainsi que les d\u00e9fis institutionnels et structurels auxquels ils font face.<\/p>\n<p data-start=\"813\" data-end=\"1476\">Intervenant \u00e0 l\u2019ouverture de l\u2019atelier, le secr\u00e9taire g\u00e9n\u00e9ral du minist\u00e8re, Mohamed Mokhtar Baba Moustapha, a indiqu\u00e9 que les r\u00e9sultats de l\u2019\u00e9tude permettront d\u2019\u00e9tablir un diagnostic objectif du syst\u00e8me national de protection sociale, d\u2019identifier ses forces et ses faiblesses et d\u2019orienter les r\u00e9formes futures, tout en renfor\u00e7ant la coordination entre les acteurs et l\u2019utilisation optimale des ressources. Il a soulign\u00e9 que la s\u00e9curit\u00e9 sociale constitue un pilier essentiel de la justice sociale et du d\u00e9veloppement humain durable, et qu\u2019elle occupe une place centrale dans la vision r\u00e9formatrice du Pr\u00e9sident de la R\u00e9publique, Mohamed Ould Cheikh El Ghazouani.<\/p>\n<p data-start=\"1478\" data-end=\"1977\" data-is-last-node=\"\" data-is-only-node=\"\">De son c\u00f4t\u00e9, le directeur du BIT charg\u00e9 du Maghreb arabe, Dr Halim Hamzaoui, a pr\u00e9cis\u00e9 que l\u2019\u00e9tude vise \u00e0 s\u2019appuyer sur les donn\u00e9es pour d\u00e9velopper progressivement les syst\u00e8mes de protection sociale, en coop\u00e9ration avec l\u2019ensemble des parties concern\u00e9es. Il a annonc\u00e9 que les r\u00e9sultats feront l\u2019objet de forums publics sur la s\u00e9curit\u00e9 sociale, actuellement en pr\u00e9paration, auxquels participeront des experts nationaux et internationaux ainsi que des partenaires sociaux dans les prochaines semaines.<\/p>\n<p data-start=\"1478\" data-end=\"1977\" data-is-last-node=\"\" data-is-only-node=\"\">(avec Ami)<\/p>\n","protected":false},"excerpt":{"rendered":"<p>Le minist\u00e8re de la Fonction publique et du Travail a organis\u00e9, mardi \u00e0 Nouakchott, un atelier consacr\u00e9 aux donn\u00e9es relatives aux syst\u00e8mes de s\u00e9curit\u00e9 sociale en Mauritanie, visant \u00e0 pr\u00e9senter les r\u00e9sultats d\u2019une \u00e9tude r\u00e9alis\u00e9e avec l\u2019appui technique et financier du Bureau international du travail (BIT). Cette \u00e9tude porte sur les syst\u00e8mes de s\u00e9curit\u00e9 sociale &hellip;<\/p>\n","protected":false},"author":2,"featured_media":20279,"comment_status":"open","ping_status":"open","sticky":false,"template":"","format":"standard","meta":{"footnotes":""},"categories":[18],"tags":[],"class_list":["post-20278","post","type-post","status-publish","format-standard","has-post-thumbnail","hentry","category-actualites"],"_links":{"self":[{"href":"https:\/\/ladepeche.mr\/index.php?rest_route=\/wp\/v2\/posts\/20278","targetHints":{"allow":["GET"]}}],"collection":[{"href":"https:\/\/ladepeche.mr\/index.php?rest_route=\/wp\/v2\/posts"}],"about":[{"href":"https:\/\/ladepeche.mr\/index.php?rest_route=\/wp\/v2\/types\/post"}],"author":[{"embeddable":true,"href":"https:\/\/ladepeche.mr\/index.php?rest_route=\/wp\/v2\/users\/2"}],"replies":[{"embeddable":true,"href":"https:\/\/ladepeche.mr\/index.php?rest_route=%2Fwp%2Fv2%2Fcomments&post=20278"}],"version-history":[{"count":1,"href":"https:\/\/ladepeche.mr\/index.php?rest_route=\/wp\/v2\/posts\/20278\/revisions"}],"predecessor-version":[{"id":20280,"href":"https:\/\/ladepeche.mr\/index.php?rest_route=\/wp\/v2\/posts\/20278\/revisions\/20280"}],"wp:featuredmedia":[{"embeddable":true,"href":"https:\/\/ladepeche.mr\/index.php?rest_route=\/wp\/v2\/media\/20279"}],"wp:attachment":[{"href":"https:\/\/ladepeche.mr\/index.php?rest_route=%2Fwp%2Fv2%2Fmedia&parent=20278"}],"wp:term":[{"taxonomy":"category","embeddable":true,"href":"https:\/\/ladepeche.mr\/index.php?rest_route=%2Fwp%2Fv2%2Fcategories&post=20278"},{"taxonomy":"post_tag","embeddable":true,"href":"https:\/\/ladepeche.mr\/index.php?rest_route=%2Fwp%2Fv2%2Ftags&post=20278"}],"curies":[{"name":"wp","href":"https:\/\/api.w.org\/{rel}","templated":true}]}}