{"id":20281,"date":"2026-01-28T18:01:51","date_gmt":"2026-01-28T18:01:51","guid":{"rendered":"https:\/\/ladepeche.mr\/?p=20281"},"modified":"2026-01-28T17:27:47","modified_gmt":"2026-01-28T17:27:47","slug":"frontieres-nord-les-forces-armees-fixent-a-deux-jours-levacuation-par-les-orpailleurs-de-la-frontiere-avec-lalgerie","status":"publish","type":"post","link":"https:\/\/ladepeche.mr\/?p=20281","title":{"rendered":"Fronti\u00e8res Nord\u00a0: les forces arm\u00e9es fixent \u00e0 deux jours l\u2019\u00e9vacuation par les orpailleurs de la fronti\u00e8re avec l\u2019Alg\u00e9rie"},"content":{"rendered":"<p>Les forces arm\u00e9es nationales auraient d\u00e9cid\u00e9 de prolonger de deux jours le d\u00e9lai accord\u00e9 aux orpailleurs pour \u00e9vacuer les zones de prospection aurif\u00e8re situ\u00e9es pr\u00e8s de la fronti\u00e8re avec l\u2019Alg\u00e9rie, rapportent nos confr\u00e8res de \u00abalakhbar\u00a0\u00bb.<\/p>\n<p data-start=\"319\" data-end=\"465\">Selon les m\u00eames sources, l\u2019arm\u00e9e a toutefois insist\u00e9 sur la n\u00e9cessit\u00e9 d\u2019une \u00e9vacuation compl\u00e8te des zones frontali\u00e8res au plus tard, jeudi.<\/p>\n<p data-start=\"467\" data-end=\"670\">Le d\u00e9lai initial, fix\u00e9 par les autorit\u00e9s, avait expir\u00e9 mardi avant d\u2019\u00eatre prolong\u00e9 de deux jours. L\u2019arm\u00e9e a pr\u00e9cis\u00e9 aux orpailleurs que cette prolongation tenait compte de leurs conditions et contraintes de d\u00e9placement.<\/p>\n<p data-start=\"672\" data-end=\"1042\">Pour rappel, le gouverneur de la r\u00e9gion du Tiris Zemmour et le commandant de la deuxi\u00e8me r\u00e9gion militaire s\u2019\u00e9taient rendus auparavant dans les zones frontali\u00e8res o\u00f9 op\u00e8rent les orpailleurs. Ils avaient ordonn\u00e9 l\u2019\u00e9vacuation des lieux et exig\u00e9 un retrait d\u2019au moins 10 kilom\u00e8tres \u00e0 l\u2019int\u00e9rieur du territoire mauritanien, accordant un d\u00e9lai de sept jours pour l\u2019application de cette d\u00e9cision.<\/p>\n<p>Les fronti\u00e8res nord de la Mauritanie, avec le Maroc et l\u2019Alg\u00e9rie, poreuses, sont devenues dangereuses pour les orpailleurs mauritaniens qui s\u2019aventurent au-del\u00e0 des limites nationales et dont certains sont morts dans diff\u00e9rents incidents.<\/p>\n","protected":false},"excerpt":{"rendered":"<p>Les forces arm\u00e9es nationales auraient d\u00e9cid\u00e9 de prolonger de deux jours le d\u00e9lai accord\u00e9 aux orpailleurs pour \u00e9vacuer les zones de prospection aurif\u00e8re situ\u00e9es pr\u00e8s de la fronti\u00e8re avec l\u2019Alg\u00e9rie, rapportent nos confr\u00e8res de \u00abalakhbar\u00a0\u00bb. Selon les m\u00eames sources, l\u2019arm\u00e9e a toutefois insist\u00e9 sur la n\u00e9cessit\u00e9 d\u2019une \u00e9vacuation compl\u00e8te des zones frontali\u00e8res au plus tard, &hellip;<\/p>\n","protected":false},"author":2,"featured_media":3911,"comment_status":"open","ping_status":"open","sticky":false,"template":"","format":"standard","meta":{"footnotes":""},"categories":[18,2],"tags":[],"class_list":["post-20281","post","type-post","status-publish","format-standard","has-post-thumbnail","hentry","category-actualites","category-economie"],"_links":{"self":[{"href":"https:\/\/ladepeche.mr\/index.php?rest_route=\/wp\/v2\/posts\/20281","targetHints":{"allow":["GET"]}}],"collection":[{"href":"https:\/\/ladepeche.mr\/index.php?rest_route=\/wp\/v2\/posts"}],"about":[{"href":"https:\/\/ladepeche.mr\/index.php?rest_route=\/wp\/v2\/types\/post"}],"author":[{"embeddable":true,"href":"https:\/\/ladepeche.mr\/index.php?rest_route=\/wp\/v2\/users\/2"}],"replies":[{"embeddable":true,"href":"https:\/\/ladepeche.mr\/index.php?rest_route=%2Fwp%2Fv2%2Fcomments&post=20281"}],"version-history":[{"count":1,"href":"https:\/\/ladepeche.mr\/index.php?rest_route=\/wp\/v2\/posts\/20281\/revisions"}],"predecessor-version":[{"id":20282,"href":"https:\/\/ladepeche.mr\/index.php?rest_route=\/wp\/v2\/posts\/20281\/revisions\/20282"}],"wp:featuredmedia":[{"embeddable":true,"href":"https:\/\/ladepeche.mr\/index.php?rest_route=\/wp\/v2\/media\/3911"}],"wp:attachment":[{"href":"https:\/\/ladepeche.mr\/index.php?rest_route=%2Fwp%2Fv2%2Fmedia&parent=20281"}],"wp:term":[{"taxonomy":"category","embeddable":true,"href":"https:\/\/ladepeche.mr\/index.php?rest_route=%2Fwp%2Fv2%2Fcategories&post=20281"},{"taxonomy":"post_tag","embeddable":true,"href":"https:\/\/ladepeche.mr\/index.php?rest_route=%2Fwp%2Fv2%2Ftags&post=20281"}],"curies":[{"name":"wp","href":"https:\/\/api.w.org\/{rel}","templated":true}]}}