{"id":20283,"date":"2026-01-28T17:56:49","date_gmt":"2026-01-28T17:56:49","guid":{"rendered":"https:\/\/ladepeche.mr\/?p=20283"},"modified":"2026-01-28T17:57:17","modified_gmt":"2026-01-28T17:57:17","slug":"population-vulnerable-signature-dune-convention-bcm-pam-pour-renforcer-linclusion-financiere","status":"publish","type":"post","link":"https:\/\/ladepeche.mr\/?p=20283","title":{"rendered":"Population vuln\u00e9rable: signature d\u2019une convention BCM-PAM pour renforcer l\u2019inclusion financi\u00e8re"},"content":{"rendered":"<p>La Banque Centrale de Mauritanie (BCM) et le Programme Alimentaire Mondial des Nations Unies (PAM) ont sign\u00e9, \u00e0 Nouakchott, une convention de partenariat visant \u00e0 renforcer l\u2019inclusion financi\u00e8re au profit des populations vuln\u00e9rables, notamment les femmes et les jeunes.<\/p>\n<p data-start=\"383\" data-end=\"776\">L\u2019accord a \u00e9t\u00e9 sign\u00e9 \u00e0 l\u2019occasion d\u2019une rencontre entre le Gouverneur de la BCM, Mohamed-Lemine Dhehby, et le Repr\u00e9sentant et Directeur Pays du PAM, Dr Aliou Diongue. Il s\u2019inscrit dans le cadre de la Strat\u00e9gie Nationale d\u2019Inclusion Financi\u00e8re (SNIF 2023-2028), port\u00e9e par la Banque Centrale et mise en \u0153uvre \u00e0 travers le Programme d\u2019Appui \u00e0 la Finance Innovante, Inclusive et Durable (PAFIID).<\/p>\n<p>L\u2019inclusion financi\u00e8re devrait permettre \u00e0 63% des mauritaniens d\u2019acc\u00e9der, \u00e0 l\u2019horizon 2028, aux services financiers num\u00e9riques (SFN). Pour promouvoir cet \u00e9cosyst\u00e8me financier inclusif, la BCM compte sur sa strat\u00e9gie en la mati\u00e8re (Strat\u00e9gie nationale d\u2019inclusion financi\u00e8re, Snif).<\/p>\n<p data-start=\"778\" data-end=\"1195\">\u00c0 travers ce partenariat, la BCM entend renforcer la modernisation du syst\u00e8me financier national, am\u00e9liorer les syst\u00e8mes de paiement et \u00e9largir l\u2019acc\u00e8s aux services financiers formels.<\/p>\n<p>Un objectif qui a scell\u00e9 en 2024, en marge des r\u00e9unions du printemps des institutions de Bretton Woods, un accord de partenariat de la BCM avec la SFI, visant \u00e0 mobiliser des financements pour renforcer les capacit\u00e9s des acteurs du secteur priv\u00e9 (PME) dans notre pays afin d\u2019aider \u00e0 r\u00e9aliser l\u2019inclusion financi\u00e8re, ce qui leur permettra d\u2019acc\u00e9der \u00e0 des produits et services financiers utiles et \u00ab \u00e0 des prix raisonnables r\u00e9pondant \u00e0 leurs besoins\u00bb.<\/p>\n<p>Pour sa part, le PAM, devrait mettre \u00e0 contribution son expertise en mati\u00e8re de transferts mon\u00e9taires et d\u2019interventions aupr\u00e8s des populations en situation de vuln\u00e9rabilit\u00e9 afin de promouvoir des solutions financi\u00e8res durables et adapt\u00e9es.<\/p>\n<p data-start=\"1197\" data-end=\"1446\">La convention BCM-PAM pr\u00e9voit \u00e9galement la mise en place de m\u00e9canismes de coordination et de suivi destin\u00e9s \u00e0 garantir une mise en \u0153uvre efficace des actions conjointes et \u00e0 maximiser leur impact, en coh\u00e9rence avec les priorit\u00e9s nationales de d\u00e9veloppement.<\/p>\n","protected":false},"excerpt":{"rendered":"<p>La Banque Centrale de Mauritanie (BCM) et le Programme Alimentaire Mondial des Nations Unies (PAM) ont sign\u00e9, \u00e0 Nouakchott, une convention de partenariat visant \u00e0 renforcer l\u2019inclusion financi\u00e8re au profit des populations vuln\u00e9rables, notamment les femmes et les jeunes. L\u2019accord a \u00e9t\u00e9 sign\u00e9 \u00e0 l\u2019occasion d\u2019une rencontre entre le Gouverneur de la BCM, Mohamed-Lemine Dhehby, &hellip;<\/p>\n","protected":false},"author":2,"featured_media":20285,"comment_status":"open","ping_status":"open","sticky":false,"template":"","format":"standard","meta":{"footnotes":""},"categories":[18,2],"tags":[],"class_list":["post-20283","post","type-post","status-publish","format-standard","has-post-thumbnail","hentry","category-actualites","category-economie"],"_links":{"self":[{"href":"https:\/\/ladepeche.mr\/index.php?rest_route=\/wp\/v2\/posts\/20283","targetHints":{"allow":["GET"]}}],"collection":[{"href":"https:\/\/ladepeche.mr\/index.php?rest_route=\/wp\/v2\/posts"}],"about":[{"href":"https:\/\/ladepeche.mr\/index.php?rest_route=\/wp\/v2\/types\/post"}],"author":[{"embeddable":true,"href":"https:\/\/ladepeche.mr\/index.php?rest_route=\/wp\/v2\/users\/2"}],"replies":[{"embeddable":true,"href":"https:\/\/ladepeche.mr\/index.php?rest_route=%2Fwp%2Fv2%2Fcomments&post=20283"}],"version-history":[{"count":2,"href":"https:\/\/ladepeche.mr\/index.php?rest_route=\/wp\/v2\/posts\/20283\/revisions"}],"predecessor-version":[{"id":20287,"href":"https:\/\/ladepeche.mr\/index.php?rest_route=\/wp\/v2\/posts\/20283\/revisions\/20287"}],"wp:featuredmedia":[{"embeddable":true,"href":"https:\/\/ladepeche.mr\/index.php?rest_route=\/wp\/v2\/media\/20285"}],"wp:attachment":[{"href":"https:\/\/ladepeche.mr\/index.php?rest_route=%2Fwp%2Fv2%2Fmedia&parent=20283"}],"wp:term":[{"taxonomy":"category","embeddable":true,"href":"https:\/\/ladepeche.mr\/index.php?rest_route=%2Fwp%2Fv2%2Fcategories&post=20283"},{"taxonomy":"post_tag","embeddable":true,"href":"https:\/\/ladepeche.mr\/index.php?rest_route=%2Fwp%2Fv2%2Ftags&post=20283"}],"curies":[{"name":"wp","href":"https:\/\/api.w.org\/{rel}","templated":true}]}}