{"id":20288,"date":"2026-01-28T18:30:52","date_gmt":"2026-01-28T18:30:52","guid":{"rendered":"https:\/\/ladepeche.mr\/?p=20288"},"modified":"2026-01-28T18:08:57","modified_gmt":"2026-01-28T18:08:57","slug":"approvisionnement-en-eau-de-nouakchott-le-gouvernement-obtient-un-pret-koweitien","status":"publish","type":"post","link":"https:\/\/ladepeche.mr\/?p=20288","title":{"rendered":"Approvisionnement en eau de Nouakchott\u00a0: Le gouvernement obtient un pr\u00eat koweitien"},"content":{"rendered":"<p>Pour juguler le d\u00e9ficit hydrique \u00e0 Nouakchott, le gouvernement multiplie ses efforts afin de r\u00e9sorber le manque chronique de l\u2019eau potable dans la capitale.<\/p>\n<p>A cet effet, le ministre des affaires \u00e9conomiques, Abdallahi Souleymane Cheikh Sidiya, a soutenu devant les parlementaires que l\u2019expansion urbaine rapide de la ville de Nouakchott, conjugu\u00e9e \u00e0 l\u2019extension du r\u00e9seau de distribution d\u2019eau, a entra\u00een\u00e9 des pressions croissantes sur le syst\u00e8me d\u2019approvisionnement en eau potable.<\/p>\n<p>Selon lui, cette situation impose le renforcement et la s\u00e9curisation de l\u2019approvisionnement, l\u2019augmentation des capacit\u00e9s de production et la diversification des sources d\u2019eau afin d\u2019assurer la continuit\u00e9 du service public et de r\u00e9pondre \u00e0 la demande croissante.<\/p>\n<p data-start=\"588\" data-end=\"1102\">Il a pr\u00e9cis\u00e9 que le projet de renforcement des capacit\u00e9s de stockage, de pompage et de transport d\u2019eau pour la ville de Nouakchott b\u00e9n\u00e9ficie aujourd\u2019hui d\u2019un pr\u00eat d\u2019environ 12 millions de dinars kowe\u00eftiens, soit pr\u00e8s de 1,55 milliard d\u2019ouguiyas nouvelles (MRU).<\/p>\n<p>Ce pr\u00eat est remboursable sur une p\u00e9riode de 30 ans, avec une p\u00e9riode de gr\u00e2ce de quatre ans, assorti d\u2019un taux d\u2019int\u00e9r\u00eat annuel de 3,75 % sur les montants d\u00e9caiss\u00e9s et non rembours\u00e9s, ainsi que de frais d\u2019engagement de 0,25 % par an sur les montants non d\u00e9caiss\u00e9s.<\/p>\n","protected":false},"excerpt":{"rendered":"<p>Pour juguler le d\u00e9ficit hydrique \u00e0 Nouakchott, le gouvernement multiplie ses efforts afin de r\u00e9sorber le manque chronique de l\u2019eau potable dans la capitale. A cet effet, le ministre des affaires \u00e9conomiques, Abdallahi Souleymane Cheikh Sidiya, a soutenu devant les parlementaires que l\u2019expansion urbaine rapide de la ville de Nouakchott, conjugu\u00e9e \u00e0 l\u2019extension du r\u00e9seau &hellip;<\/p>\n","protected":false},"author":2,"featured_media":19806,"comment_status":"open","ping_status":"open","sticky":false,"template":"","format":"standard","meta":{"footnotes":""},"categories":[18,2],"tags":[],"class_list":["post-20288","post","type-post","status-publish","format-standard","has-post-thumbnail","hentry","category-actualites","category-economie"],"_links":{"self":[{"href":"https:\/\/ladepeche.mr\/index.php?rest_route=\/wp\/v2\/posts\/20288","targetHints":{"allow":["GET"]}}],"collection":[{"href":"https:\/\/ladepeche.mr\/index.php?rest_route=\/wp\/v2\/posts"}],"about":[{"href":"https:\/\/ladepeche.mr\/index.php?rest_route=\/wp\/v2\/types\/post"}],"author":[{"embeddable":true,"href":"https:\/\/ladepeche.mr\/index.php?rest_route=\/wp\/v2\/users\/2"}],"replies":[{"embeddable":true,"href":"https:\/\/ladepeche.mr\/index.php?rest_route=%2Fwp%2Fv2%2Fcomments&post=20288"}],"version-history":[{"count":1,"href":"https:\/\/ladepeche.mr\/index.php?rest_route=\/wp\/v2\/posts\/20288\/revisions"}],"predecessor-version":[{"id":20289,"href":"https:\/\/ladepeche.mr\/index.php?rest_route=\/wp\/v2\/posts\/20288\/revisions\/20289"}],"wp:featuredmedia":[{"embeddable":true,"href":"https:\/\/ladepeche.mr\/index.php?rest_route=\/wp\/v2\/media\/19806"}],"wp:attachment":[{"href":"https:\/\/ladepeche.mr\/index.php?rest_route=%2Fwp%2Fv2%2Fmedia&parent=20288"}],"wp:term":[{"taxonomy":"category","embeddable":true,"href":"https:\/\/ladepeche.mr\/index.php?rest_route=%2Fwp%2Fv2%2Fcategories&post=20288"},{"taxonomy":"post_tag","embeddable":true,"href":"https:\/\/ladepeche.mr\/index.php?rest_route=%2Fwp%2Fv2%2Ftags&post=20288"}],"curies":[{"name":"wp","href":"https:\/\/api.w.org\/{rel}","templated":true}]}}