{"id":20292,"date":"2026-01-29T09:52:20","date_gmt":"2026-01-29T09:52:20","guid":{"rendered":"https:\/\/ladepeche.mr\/?p=20292"},"modified":"2026-01-29T09:54:11","modified_gmt":"2026-01-29T09:54:11","slug":"omvs-ue-afd-un-coup-depee-dans-leau","status":"publish","type":"post","link":"https:\/\/ladepeche.mr\/?p=20292","title":{"rendered":"OMVS -UE-Financement AFD: Un coup d\u2019\u00e9p\u00e9e dans l\u2019eau?"},"content":{"rendered":"<p class=\"p1\" style=\"text-align: left;\"><span class=\"s2\">L\u2019Organisation pour la Mise en Valeur du fleuve S\u00e9n\u00e9gal (OMVS) et l\u2019Agence fran\u00e7aise de d\u00e9veloppement (AFD) ont sign\u00e9, le lundi 26 janvier 2026, une convention de financement de <\/span><span class=\"s1\">3 millions d\u2019euros<\/span><span class=\"s2\"> (environ 2 milliards de francs CFA) pour la gestion durable de l\u2019eau dans le bassin du fleuve S\u00e9n\u00e9gal. Ce financement s\u2019inscrit dans le cadre du Programme de Gestion Int\u00e9gr\u00e9e des Ressources en Eau du bassin du fleuve S\u00e9n\u00e9gal (PROGIRESS), soutenu par l\u2019Union europ\u00e9enne au S\u00e9n\u00e9gal.<\/span><\/p>\n<p class=\"p1\"><span class=\"s2\">La c\u00e9r\u00e9monie officielle, marqu\u00e9e par la pr\u00e9sence de plusieurs hauts responsables europ\u00e9ens et fran\u00e7ais, s\u2019est voulue rassurante et annonciatrice d\u2019espoir. Pourtant, derri\u00e8re l\u2019annonce, des questions fusent: <\/span><span class=\"s1\">que deviendra r\u00e9ellement ce financement dans un contexte o\u00f9 l\u2019OMVS traverse une p\u00e9riode d\u00e9licate, tant sur le plan institutionnel que financier ? Qu\u2019en tireraient les populations au nom desquelles le financement est obtenu? <\/span><\/p>\n<p class=\"p1\"><span class=\"s2\">Le Haut-Commissaire de l\u2019OMVS, le mauritanien, Mohamed Abdel Vetah, reconna\u00eet qu\u2019un \u00e9tat de r\u00e9f\u00e9rence scientifique r\u00e9cent montre que le fleuve S\u00e9n\u00e9gal est fortement sous pression. Pollution, d\u00e9gradation des \u00e9cosyst\u00e8mes et activit\u00e9s humaines non contr\u00f4l\u00e9es menacent l\u2019\u00e9quilibre du bassin. Sans oublier une gestion peu efficace d\u00e9tourn\u00e9e des v\u00e9ritables enjeux de l\u2019organisation. Un constat alarmant qui justifie, selon lui, l\u2019urgence d\u2019agir \u00e0 travers le programme PROGIRESS.<\/span><\/p>\n<blockquote class=\"wp-embedded-content\" data-secret=\"qva0aqGONu\"><p><a href=\"https:\/\/ladepeche.mr\/?p=19496\">OMVS : Y a-t-il p\u00e9ril en la demeure?<\/a><\/p><\/blockquote>\n<p><iframe loading=\"lazy\" class=\"wp-embedded-content\" sandbox=\"allow-scripts\" security=\"restricted\" style=\"position: absolute; visibility: hidden;\" title=\"\u00ab\u00a0OMVS : Y a-t-il p\u00e9ril en la demeure?\u00a0\u00bb &#8212; La D\u00e9p\u00eache  de Mauritanie et du Sahel\" src=\"https:\/\/ladepeche.mr\/?p=19496&#038;embed=true#?secret=H1dgAFC8t7#?secret=qva0aqGONu\" data-secret=\"qva0aqGONu\" width=\"500\" height=\"282\" frameborder=\"0\" marginwidth=\"0\" marginheight=\"0\" scrolling=\"no\"><\/iframe><\/p>\n<p class=\"p1\"><span class=\"s2\">Sur le papier, les actions pr\u00e9vues sont nombreuses et pertinentes : suivi renforc\u00e9 de la qualit\u00e9 des eaux, appui \u00e0 l\u2019Observatoire du Fouta Djallon, lutte contre le typha envahissant, encadrement de l\u2019orpaillage artisanal dans la Fal\u00e9m\u00e9, ou encore restauration d\u2019\u00e9cosyst\u00e8mes fragiles. Autant de chantiers lourds, co\u00fbteux et complexes, qui n\u00e9cessitent <\/span><span class=\"s1\">une gouvernance solide, une coordination efficace et une capacit\u00e9 r\u00e9elle d\u2019absorption des fonds<\/span><span class=\"s2\">.<\/span><\/p>\n<p class=\"p1\"><span class=\"s2\">Or, c\u2019est pr\u00e9cis\u00e9ment l\u00e0 que le doute s\u2019installe. L\u2019OMVS, confront\u00e9e \u00e0 des difficult\u00e9s internes et \u00e0 des retards chroniques dans la mise en \u0153uvre de certains projets, peine depuis quelque temps \u00e0 rassurer sur sa capacit\u00e9 \u00e0 mobiliser et g\u00e9rer durablement les financements internationaux. Dans ce contexte, l\u2019annonce de 3 millions d\u2019euros, bien que bienvenue, appara\u00eet <\/span><span class=\"s1\">modeste au regard des enjeux<\/span><span class=\"s2\">, et surtout fragile si les probl\u00e8mes structurels persistent. Finalement ce financement risquerait, en raison de l\u2019Etat actuel de l\u2019organisation,<span class=\"Apple-converted-space\">\u00a0 <\/span>de n\u2019avoir que l\u2019effet d\u2019un coup d\u2019\u00e9p\u00e9e dans l\u2019eau.<\/span><\/p>\n<p class=\"p1\"><span class=\"s2\">Pour les millions de riverains du bassin du fleuve S\u00e9n\u00e9gal, l\u2019enjeu d\u00e9passe les discours et les signatures officielles. Il s\u2019agit de savoir si ces fonds se traduiront effectivement par des am\u00e9liorations concr\u00e8tes sur le terrain, ou s\u2019ils risquent, une fois encore, de ne pas avoir l\u2019impact escompt\u00e9 de leur mobilisation.<\/span><\/p>\n<p class=\"p1\"><span class=\"s2\">Ce partenariat avec l\u2019Union europ\u00e9enne et l\u2019AFD place l\u2019OMVS face \u00e0 ses responsabilit\u00e9s. Plus que jamais, l\u2019organisation est attendue sur des r\u00e9sultats tangibles. Sans r\u00e9formes internes et sans une transparence accrue, le risque est grand que ce financement, pr\u00e9sent\u00e9 comme un levier pour la gestion durable de l\u2019eau, ne soit qu\u2019un <\/span><span class=\"s1\">nouvel espoir suspendu aux incertitudes actuelles<\/span><span class=\"s2\">.<\/span><\/p>\n<p class=\"p1\"><span class=\"s2\">JD<\/span><\/p>\n","protected":false},"excerpt":{"rendered":"<p>L\u2019Organisation pour la Mise en Valeur du fleuve S\u00e9n\u00e9gal (OMVS) et l\u2019Agence fran\u00e7aise de d\u00e9veloppement (AFD) ont sign\u00e9, le lundi 26 janvier 2026, une convention de financement de 3 millions d\u2019euros (environ 2 milliards de francs CFA) pour la gestion durable de l\u2019eau dans le bassin du fleuve S\u00e9n\u00e9gal. Ce financement s\u2019inscrit dans le cadre &hellip;<\/p>\n","protected":false},"author":2,"featured_media":20294,"comment_status":"open","ping_status":"open","sticky":false,"template":"","format":"standard","meta":{"footnotes":""},"categories":[18,2],"tags":[],"class_list":["post-20292","post","type-post","status-publish","format-standard","has-post-thumbnail","hentry","category-actualites","category-economie"],"_links":{"self":[{"href":"https:\/\/ladepeche.mr\/index.php?rest_route=\/wp\/v2\/posts\/20292","targetHints":{"allow":["GET"]}}],"collection":[{"href":"https:\/\/ladepeche.mr\/index.php?rest_route=\/wp\/v2\/posts"}],"about":[{"href":"https:\/\/ladepeche.mr\/index.php?rest_route=\/wp\/v2\/types\/post"}],"author":[{"embeddable":true,"href":"https:\/\/ladepeche.mr\/index.php?rest_route=\/wp\/v2\/users\/2"}],"replies":[{"embeddable":true,"href":"https:\/\/ladepeche.mr\/index.php?rest_route=%2Fwp%2Fv2%2Fcomments&post=20292"}],"version-history":[{"count":4,"href":"https:\/\/ladepeche.mr\/index.php?rest_route=\/wp\/v2\/posts\/20292\/revisions"}],"predecessor-version":[{"id":20297,"href":"https:\/\/ladepeche.mr\/index.php?rest_route=\/wp\/v2\/posts\/20292\/revisions\/20297"}],"wp:featuredmedia":[{"embeddable":true,"href":"https:\/\/ladepeche.mr\/index.php?rest_route=\/wp\/v2\/media\/20294"}],"wp:attachment":[{"href":"https:\/\/ladepeche.mr\/index.php?rest_route=%2Fwp%2Fv2%2Fmedia&parent=20292"}],"wp:term":[{"taxonomy":"category","embeddable":true,"href":"https:\/\/ladepeche.mr\/index.php?rest_route=%2Fwp%2Fv2%2Fcategories&post=20292"},{"taxonomy":"post_tag","embeddable":true,"href":"https:\/\/ladepeche.mr\/index.php?rest_route=%2Fwp%2Fv2%2Ftags&post=20292"}],"curies":[{"name":"wp","href":"https:\/\/api.w.org\/{rel}","templated":true}]}}