{"id":20305,"date":"2026-01-30T17:57:12","date_gmt":"2026-01-30T17:57:12","guid":{"rendered":"https:\/\/ladepeche.mr\/?p=20305"},"modified":"2026-01-30T17:57:12","modified_gmt":"2026-01-30T17:57:12","slug":"armement-national-de-peche-prolongation-des-autorisations-de-licences-temporaires","status":"publish","type":"post","link":"https:\/\/ladepeche.mr\/?p=20305","title":{"rendered":"Armement national de p\u00eache: Prolongation des autorisations de licences temporaires"},"content":{"rendered":"<p>Le minist\u00e8re des p\u00eaches des infrastructures maritimes et portuaires a d\u00e9cid\u00e9 de rallonger automatiquement les licences pour les embarcations de p\u00eache hauturi\u00e8re, c\u00f4ti\u00e8re et artisanale pour tout le mois de f\u00e9vrier apr\u00e8s l\u2019expiration d\u2019un premier d\u00e9lai fix\u00e9 au 31 janvier 2026.<\/p>\n<p class=\"p1\"><span class=\"s1\">Par cette mesure, les licences pour ces cat\u00e9gories de p\u00eache qui \u00e9taient valables jusqu\u2019au 31 d\u00e9cembre 2025 s\u2019ach\u00e8vent le 28 f\u00e9vrier 2026. <\/span><\/p>\n<p class=\"p1\"><span class=\"s1\">N\u00e9anmoins, les outils de production concern\u00e9s devraient pr\u00e9senter leurs licences prolong\u00e9es \u00e0 bord des pour les faire valoir en cas d\u2019inspection des autorit\u00e9s de contr\u00f4le maritime et de p\u00eache.<\/span><\/p>\n<p class=\"p1\"><span class=\"s1\">C\u2019est la seconde fois, rappelle -t-on, que le minist\u00e8re des p\u00eaches des infrastructures maritimes et portuaires proc\u00e8de \u00e0 ces prolongations.<br \/>\nLes licences disponibilis\u00e9es par le minist\u00e8re sont aujourd\u2019hui digitalis\u00e9es mais font face \u00e0 des proc\u00e9dures d\u2019octroi pour un parc de pr\u00e8s de 10.000 embarcations artisanales.<\/span><\/p>\n<p class=\"p1\"><span class=\"s1\">Suite \u00e0 la reprise de la p\u00eache, apr\u00e8s l\u2019arr\u00eat biologique entre octobre et novembre 2025.<\/span><\/p>\n","protected":false},"excerpt":{"rendered":"<p>Le minist\u00e8re des p\u00eaches des infrastructures maritimes et portuaires a d\u00e9cid\u00e9 de rallonger automatiquement les licences pour les embarcations de p\u00eache hauturi\u00e8re, c\u00f4ti\u00e8re et artisanale pour tout le mois de f\u00e9vrier apr\u00e8s l\u2019expiration d\u2019un premier d\u00e9lai fix\u00e9 au 31 janvier 2026. Par cette mesure, les licences pour ces cat\u00e9gories de p\u00eache qui \u00e9taient valables jusqu\u2019au &hellip;<\/p>\n","protected":false},"author":2,"featured_media":20306,"comment_status":"open","ping_status":"open","sticky":false,"template":"","format":"standard","meta":{"footnotes":""},"categories":[18,2],"tags":[],"class_list":["post-20305","post","type-post","status-publish","format-standard","has-post-thumbnail","hentry","category-actualites","category-economie"],"_links":{"self":[{"href":"https:\/\/ladepeche.mr\/index.php?rest_route=\/wp\/v2\/posts\/20305","targetHints":{"allow":["GET"]}}],"collection":[{"href":"https:\/\/ladepeche.mr\/index.php?rest_route=\/wp\/v2\/posts"}],"about":[{"href":"https:\/\/ladepeche.mr\/index.php?rest_route=\/wp\/v2\/types\/post"}],"author":[{"embeddable":true,"href":"https:\/\/ladepeche.mr\/index.php?rest_route=\/wp\/v2\/users\/2"}],"replies":[{"embeddable":true,"href":"https:\/\/ladepeche.mr\/index.php?rest_route=%2Fwp%2Fv2%2Fcomments&post=20305"}],"version-history":[{"count":1,"href":"https:\/\/ladepeche.mr\/index.php?rest_route=\/wp\/v2\/posts\/20305\/revisions"}],"predecessor-version":[{"id":20307,"href":"https:\/\/ladepeche.mr\/index.php?rest_route=\/wp\/v2\/posts\/20305\/revisions\/20307"}],"wp:featuredmedia":[{"embeddable":true,"href":"https:\/\/ladepeche.mr\/index.php?rest_route=\/wp\/v2\/media\/20306"}],"wp:attachment":[{"href":"https:\/\/ladepeche.mr\/index.php?rest_route=%2Fwp%2Fv2%2Fmedia&parent=20305"}],"wp:term":[{"taxonomy":"category","embeddable":true,"href":"https:\/\/ladepeche.mr\/index.php?rest_route=%2Fwp%2Fv2%2Fcategories&post=20305"},{"taxonomy":"post_tag","embeddable":true,"href":"https:\/\/ladepeche.mr\/index.php?rest_route=%2Fwp%2Fv2%2Ftags&post=20305"}],"curies":[{"name":"wp","href":"https:\/\/api.w.org\/{rel}","templated":true}]}}