{"id":20308,"date":"2026-01-30T17:59:57","date_gmt":"2026-01-30T17:59:57","guid":{"rendered":"https:\/\/ladepeche.mr\/?p=20308"},"modified":"2026-01-30T17:59:57","modified_gmt":"2026-01-30T17:59:57","slug":"le-ministre-des-affaires-economiques-examine-avec-le-dg-du-fades-les-moyens-delargir-les-mecanismes-dintervention-du-fonds-en-mauritanie","status":"publish","type":"post","link":"https:\/\/ladepeche.mr\/?p=20308","title":{"rendered":"Le ministre des Affaires \u00e9conomiques examine avec le DG du FADES les moyens d&#8217;\u00e9largir les m\u00e9canismes d\u2019intervention du Fonds en Mauritanie"},"content":{"rendered":"<p>Son Excellence le ministre des Affaires \u00e9conomiques et du D\u00e9veloppement, Dr Abdallah Ould Souleymane Ould Cheikh Sidia, a tenu, jeudi soir \u00e0 Kowe\u00eft, une rencontre fructueuse avec le directeur g\u00e9n\u00e9ral et pr\u00e9sident du Conseil d\u2019administration du Fonds arabe pour le d\u00e9veloppement \u00e9conomique et social (FADES), M. Fawzi Youssef Al-Hunaif.<\/p>\n<p>La r\u00e9union a donn\u00e9 lieu \u00e0 un examen approfondi de l\u2019\u00e9tat et de la port\u00e9e des dossiers communs, ainsi qu\u2019\u00e0 une revue des perspectives futures visant \u00e0 \u00e9largir le champ des interventions du Fonds dans les secteurs de d\u00e9veloppement prioritaires, en coh\u00e9rence avec la vision de Son Excellence le Pr\u00e9sident de la R\u00e9publique, Monsieur Mohamed Ould Cheikh El Ghazouani, ax\u00e9e sur la promotion d\u2019un d\u00e9veloppement \u00e9conomique et social global et inclusif.<\/p>\n<p>Les deux parties ont soulign\u00e9 l\u2019importance de faire \u00e9voluer la relation bilat\u00e9rale d\u2019un cadre de financement traditionnel vers de plus larges horizons de partenariat de d\u00e9veloppement int\u00e9gr\u00e9, \u00e0 m\u00eame d\u2019accompagner les profondes transformations \u00e9conomiques que conna\u00eet le pays.<\/p>\n<p>Dans ce cadre, une appr\u00e9ciation particuli\u00e8re a \u00e9t\u00e9 exprim\u00e9e pour la coordination efficace avec le Groupe de Coordination Arabe, dont le FADES assure le Secr\u00e9tariat g\u00e9n\u00e9ral. Le lancement r\u00e9cent d&#8217;une plateforme num\u00e9rique avanc\u00e9e, sur laquelle le Minist\u00e8re et le Groupe de Coordination Arabe ont commenc\u00e9 \u00e0 travailler, a \u00e9t\u00e9 \u00e9galement salu\u00e9. Cette plateforme a pour objectif le suivi pr\u00e9cis et en temps r\u00e9el de tous les financements et projets communs, garantissant ainsi l&#8217;acc\u00e9l\u00e9ration de la mise en \u0153uvre des projets de la &#8220;Table de Vienne pour le D\u00e9veloppement en Mauritanie&#8221;, pr\u00e9sid\u00e9e par le Pr\u00e9sident de la R\u00e9publique en pr\u00e9sence des dirigeants des institutions financi\u00e8res arabes membres du Groupe. Les modalit\u00e9s de suivi et d&#8217;activation des r\u00e9sultats de ces projets pour soutenir l&#8217;\u00e9conomie nationale ont \u00e9galement \u00e9t\u00e9 abord\u00e9es.<\/p>\n<p>La rencontre s\u2019est d\u00e9roul\u00e9e dans un climat de consid\u00e9ration mutuelle et s\u2019est conclue par une distinction honorifique d\u00e9cern\u00e9e \u00e0 Son Excellence le ministre par le directeur g\u00e9n\u00e9ral du FADES, en reconnaissance de ses efforts en faveur du d\u00e9veloppement des m\u00e9canismes de coop\u00e9ration et de son engagement \u00e0 renforcer l\u2019efficacit\u00e9 du partenariat entre la Mauritanie et cette institution financi\u00e8re arabe de r\u00e9f\u00e9rence.<\/p>\n<p>Cette distinction, de m\u00eame que l\u2019accueil chaleureux r\u00e9serv\u00e9 \u00e0 la d\u00e9l\u00e9gation mauritanienne, refl\u00e8tent la confiance croissante des partenaires arabes dans la gouvernance \u00e9conomique de la Mauritanie, ainsi que la haute estime port\u00e9e \u00e0 la vision de d\u00e9veloppement de Son Excellence le Pr\u00e9sident de la R\u00e9publique, M. Mohamed Ould Cheikh El Ghazouani, mise en \u0153uvre sous la conduite du Premier ministre, M. Mokhtar Ould Diay, ouvrant ainsi la voie \u00e0 une nouvelle phase de financements strat\u00e9giques destin\u00e9s \u00e0 maximiser l\u2019impact \u00e9conomique et social et \u00e0 am\u00e9liorer les conditions de vie des citoyens.<\/p>\n<p>Ont pris part \u00e0 la rencontre, c\u00f4t\u00e9 mauritanien, l\u2019ambassadeur de Mauritanie au Kowe\u00eft, SEM. Mohamed Lemine Ould Cheikh, ainsi que M. Mohamed Salem Nani, directeur g\u00e9n\u00e9ral des Financements et de la Coop\u00e9ration au minist\u00e8re des Affaires \u00e9conomiques et du D\u00e9veloppement.<br \/>\nMAED<\/p>\n","protected":false},"excerpt":{"rendered":"<p>Son Excellence le ministre des Affaires \u00e9conomiques et du D\u00e9veloppement, Dr Abdallah Ould Souleymane Ould Cheikh Sidia, a tenu, jeudi soir \u00e0 Kowe\u00eft, une rencontre fructueuse avec le directeur g\u00e9n\u00e9ral et pr\u00e9sident du Conseil d\u2019administration du Fonds arabe pour le d\u00e9veloppement \u00e9conomique et social (FADES), M. Fawzi Youssef Al-Hunaif. La r\u00e9union a donn\u00e9 lieu \u00e0 &hellip;<\/p>\n","protected":false},"author":2,"featured_media":20309,"comment_status":"open","ping_status":"open","sticky":false,"template":"","format":"standard","meta":{"footnotes":""},"categories":[18,2],"tags":[],"class_list":["post-20308","post","type-post","status-publish","format-standard","has-post-thumbnail","hentry","category-actualites","category-economie"],"_links":{"self":[{"href":"https:\/\/ladepeche.mr\/index.php?rest_route=\/wp\/v2\/posts\/20308","targetHints":{"allow":["GET"]}}],"collection":[{"href":"https:\/\/ladepeche.mr\/index.php?rest_route=\/wp\/v2\/posts"}],"about":[{"href":"https:\/\/ladepeche.mr\/index.php?rest_route=\/wp\/v2\/types\/post"}],"author":[{"embeddable":true,"href":"https:\/\/ladepeche.mr\/index.php?rest_route=\/wp\/v2\/users\/2"}],"replies":[{"embeddable":true,"href":"https:\/\/ladepeche.mr\/index.php?rest_route=%2Fwp%2Fv2%2Fcomments&post=20308"}],"version-history":[{"count":1,"href":"https:\/\/ladepeche.mr\/index.php?rest_route=\/wp\/v2\/posts\/20308\/revisions"}],"predecessor-version":[{"id":20310,"href":"https:\/\/ladepeche.mr\/index.php?rest_route=\/wp\/v2\/posts\/20308\/revisions\/20310"}],"wp:featuredmedia":[{"embeddable":true,"href":"https:\/\/ladepeche.mr\/index.php?rest_route=\/wp\/v2\/media\/20309"}],"wp:attachment":[{"href":"https:\/\/ladepeche.mr\/index.php?rest_route=%2Fwp%2Fv2%2Fmedia&parent=20308"}],"wp:term":[{"taxonomy":"category","embeddable":true,"href":"https:\/\/ladepeche.mr\/index.php?rest_route=%2Fwp%2Fv2%2Fcategories&post=20308"},{"taxonomy":"post_tag","embeddable":true,"href":"https:\/\/ladepeche.mr\/index.php?rest_route=%2Fwp%2Fv2%2Ftags&post=20308"}],"curies":[{"name":"wp","href":"https:\/\/api.w.org\/{rel}","templated":true}]}}