{"id":20322,"date":"2026-01-31T17:18:53","date_gmt":"2026-01-31T17:18:53","guid":{"rendered":"https:\/\/ladepeche.mr\/?p=20322"},"modified":"2026-01-31T17:18:53","modified_gmt":"2026-01-31T17:18:53","slug":"affaire-epstein-qui-sont-les-personnalites-citees-dans-les-derniers-documents-rendus-publics","status":"publish","type":"post","link":"https:\/\/ladepeche.mr\/?p=20322","title":{"rendered":"Affaire Epstein: qui sont les personnalit\u00e9s cit\u00e9es dans les derniers documents rendus publics?"},"content":{"rendered":"<p class=\"t-content__chapo\">Le minist\u00e8re am\u00e9ricain de la Justice a entrepris, ce vendredi 30 janvier, la publication de trois millions de documents suppl\u00e9mentaires concernant l&#8217;homme d&#8217;affaires, et d\u00e9funt p\u00e9docriminel, Jeffrey Epstein, marquant la \u00ab\u00a0<em>fin d&#8217;un processus<\/em>\u00a0\u00bb de divulgation dans cette affaire.<\/p>\n<h2>Donald Trump : une liste d&#8217;all\u00e9gations d&#8217;agressions sexuelles \u00e9tablie par le FBI<\/h2>\n<p>Dans cette nouvelle publication de documents li\u00e9s \u00e0 l&#8217;affaire Epstein, le nom du pr\u00e9sident Donald Trump r\u00e9appara\u00eet \u00e0 de multiples reprises.<\/p>\n<p>Les documents fra\u00eechement diffus\u00e9s contiennent une liste \u00e9tablie par le FBI, la police f\u00e9d\u00e9rale am\u00e9ricaine, d&#8217;all\u00e9gations d&#8217;agressions sexuelles li\u00e9es au pr\u00e9sident am\u00e9ricain, dont beaucoup provenaient d&#8217;appels anonymes et d&#8217;informations non v\u00e9rifi\u00e9es. Ces all\u00e9gations, obtenues pour certaines via des sources indirectes, ont \u00e9t\u00e9 transmises par t\u00e9l\u00e9phone ou bien par voie \u00e9lectronique au Centre national de gestion des menaces du FBI.<\/p>\n<p>Le document sugg\u00e8re que les enqu\u00eateurs ont donn\u00e9 suite \u00e0 certaines de ces informations. D&#8217;autres ont \u00e9t\u00e9 jug\u00e9es peu cr\u00e9dibles.<\/p>\n<p><a href=\"https:\/\/www.rfi.fr\/fr\/tag\/donald-trump\/\" target=\"_self\"><strong>Donald Trump<\/strong><\/a>\u00a0nie depuis longtemps toute implication dans les agissements du criminel sexuel Jeffrey Epstein. \u00ab\u00a0<em>Certains des documents contiennent des all\u00e9gations mensong\u00e8res et sensationnalistes \u00e0 l&#8217;encontre du pr\u00e9sident Trump\u00a0<\/em>\u00bb, \u00e9crit le minist\u00e8re de la Justice. \u00ab\u00a0C<em>es all\u00e9gations sont infond\u00e9es et fausses\u00a0<\/em>\u00bb, insiste-t-il.<\/p>\n<h2>Bill Gates et ses relations extra-conjugales<\/h2>\n<p>Dans un brouillon d&#8217;e-mail figurant parmi les documents publi\u00e9s vendredi, on apprend \u00e9galement que Jeffrey Epstein assurait que\u00a0<a href=\"https:\/\/www.rfi.fr\/fr\/am%C3%A9riques\/20250510-%C3%A9tats-unis-bill-gates-acc%C3%A9l%C3%A8re-les-dons-%C3%A0-sa-fondation-et-critique-le-d%C3%A9sengagement-humanitaire-de-l-administration-trump\" target=\"_self\"><strong>Bill Gates, cofondateur de Microsoft<\/strong><\/a>, entretenait des relations extraconjugales.\u00a0Le financier new-yorkais y affirmait que sa relation avec ce milliardaire allait permettre \u00ab<em>\u00a0d&#8217;aider Bill \u00e0 trouver de la drogue, afin de faire face aux cons\u00e9quences du sexe avec des filles russes, \u00e0 faciliter des rendez-vous illicites avec des femmes mari\u00e9es.\u00a0<\/em>\u00bb Une information d\u00e9mentie dans un communiqu\u00e9 par la Fondation Gates qui d\u00e9nonce \u00ab<em>\u00a0des accusations absolument absurdes provenant d&#8217;un menteur patent\u00e9\u00a0<\/em>\u00bb.<\/p>\n<p>Les fichiers mentionnent aussi la relation amicale de Jeffrey Epstein avec le milliardaire britannique Richard Branson, cofondateur de Virgin Group. Dans un e-mail envoy\u00e9 \u00e0 Jeffrey Epstein en septembre 2013, il \u00e9crivait\u00a0: \u00ab\u00a0<em>C&#8217;\u00e9tait vraiment sympa de te voir hier. Les gars de l&#8217;\u00e9quipe de sport nautique n&#8217;arr\u00eatent pas d&#8217;en parler\u00a0! Si tu passes dans la r\u00e9gion, je serai ravi de te revoir.\u00a0\u00c0 condition que tu am\u00e8nes ton harem\u00a0!<\/em>\u00a0\u00bb<\/p>\n<p>Un repr\u00e9sentant de la soci\u00e9t\u00e9 de Richard Branson a d\u00e9clar\u00e9 vendredi que tous les contacts \u00ab\u00a0<em>que Richard et Joan Branson<\/em>\u00a0[la femme de Richard, aujourd&#8217;hui d\u00e9c\u00e9d\u00e9e, NDLR]\u00a0<em>ont eu avec Epstein n&#8217;ont eu lieu qu&#8217;\u00e0 quelques occasions, il y a plus de 12 ans\u00a0<\/em>\u00bb et se sont limit\u00e9s \u00e0 des r\u00e9unions de groupe ou \u00e0 des rencontres professionnelles, ont rapport\u00e9 des m\u00e9dias am\u00e9ricains. \u00ab\u00a0<em>Richard estime que les actes d&#8217;Epstein ont \u00e9t\u00e9 odieux et soutient le droit \u00e0 la justice pour ses nombreuses victimes\u00a0<\/em>\u00bb, a ajout\u00e9 le repr\u00e9sentant.<\/p>\n<h2>Musk se serait rendu sur l&#8217;une des \u00eeles d&#8217;Epstein<\/h2>\n<p>De nombreux \u00e9changes de mails entre Jeffrey Epstein et l&#8217;entrepreneur\u00a0<a href=\"https:\/\/www.rfi.fr\/fr\/tag\/elon-musk\/\" target=\"_self\"><strong>Elon Musk<\/strong><\/a>\u00a0apparaissent dans les documents rendus publics par le minist\u00e8re de la Justice.<\/p>\n<p>En novembre 2012, Jeffrey Epstein lui a \u00e9crit un courriel demandant \u00ab\u00a0<em>combien de personnes seront \u00e0 bord de l&#8217;h\u00e9licopt\u00e8re pour se rendre sur l&#8217;\u00eele<\/em>\u00a0\u00bb. \u00ab<em>\u00a0Probablement juste Talulah et moi. Quel jour\/soir\u00e9e aura lieu la f\u00eate la plus d\u00e9jant\u00e9e sur ton \u00eele<\/em>\u00a0<em>?<\/em>\u00a0\u00bb, a demand\u00e9 le milliardaire. Jeffrey Epstein poss\u00e9dait deux \u00eeles dans les Cara\u00efbes. L&#8217;une d&#8217;elles serait, selon l&#8217;accusation, le lieu o\u00f9 il aurait agress\u00e9 sexuellement plusieurs femmes et filles mineures.<\/p>\n<p>Elon Musk a r\u00e9agi samedi sur X, d\u00e9clarant \u00eatre \u00ab<em>\u00a0parfaitement conscient que certains \u00e9changes de courriels avec\u00a0<\/em>(Epstein)\u00a0<em>pouvaient \u00eatre mal interpr\u00e9t\u00e9s et utilis\u00e9s par des d\u00e9tracteurs pour salir<\/em>\u00a0(son)\u00a0<em>nom\u00a0<\/em>\u00bb. \u00ab\u00a0<em>Cela m&#8217;importe peu, mais ce qui m&#8217;importe, c&#8217;est que nous essayions au moins de poursuivre ceux qui ont commis des crimes graves avec Epstein, en particulier concernant l&#8217;exploitation odieuse de mineures\u00a0<\/em>\u00bb, a-t-il \u00e9crit.<\/p>\n<h2>Le prince Andrew de nouveau cit\u00e9<\/h2>\n<p>D\u00e9j\u00e0 emp\u00eatr\u00e9 dans plusieurs scandales et\u00a0<a href=\"https:\/\/www.rfi.fr\/fr\/europe\/20251030-royaume-uni-andrew-tomb%C3%A9-en-disgr%C3%A2ce-avec-le-scandale-epstein-va-perdre-le-titre-de-prince\" target=\"_self\"><strong>d\u00e9chu de ses titres royaux, l&#8217;ancien prince Andrew<\/strong><\/a>\u00a0appara\u00eet une fois de plus dans ces nouveaux documents rendus publics.<\/p>\n<p>On y apprend qu&#8217;il a invit\u00e9 Jeffrey Epstein \u00e0 lui rendre visite au palais de Buckingham en septembre 2010, alors que le financier \u00e9tait en voyage \u00e0 Londres.\u00a0Un \u00e9change de courriels montre qu&#8217;il a contact\u00e9 Andrew Mountbatten-Windsor pour lui demander\u00a0: \u00ab\u00a0<em>\u00c0 quelle heure souhaitez-vous que je<\/em>\u00a0[&#8230;],\u00a0<em>nous aurons \u00e9galement besoin<\/em>\u00a0[&#8230;]\u00a0<em>d&#8217;un moment en priv\u00e9.<\/em>\u00a0\u00bb Ce \u00e0 quoi Andrew avait r\u00e9pondu\u00a0: \u00ab\u00a0<em>Nous pourrions d\u00eener au palais de Buckingham et b\u00e9n\u00e9ficier d&#8217;une grande intimit\u00e9\u00a0<\/em>\u00bb.<\/p>\n<p>Cette invitation intervient un mois apr\u00e8s qu&#8217;Epstein a propos\u00e9 de pr\u00e9senter \u00e0 Andrew une femme russe de 26 ans, selon les documents.\u00a0L&#8217;ancien prince a d\u00e9clar\u00e9 qu&#8217;il \u00ab\u00a0<em>serait ravi de la voir\u00a0<\/em>\u00bb, mais rien n&#8217;indique qu&#8217;une rencontre a eu lieu<em>\u00a0in fine<\/em>.<\/p>\n<p>Lire la suite sur <a href=\"https:\/\/www.rfi.fr\/fr\/am%C3%A9riques\/20260131-affaire-epstein-qui-sont-personnalit%C3%A9s-cit%C3%A9es-derniers-documents-rendus-publics?utm_medium=email&amp;utm_campaign=newsletter&amp;utm_source=rfi-nl-internationale-fr&amp;utm_email_send_date=%2020260131&amp;utm_email_recipient=245770&amp;utm_email_link=contenus&amp;_ope=eyJndWlkIjoiOTMwMjIwNGY3ZmZhNzMxODU0NDI3OTA1ZjdiOTc4NGUifQ%3D%3D\">Affaire Epstein: qui sont les personnalit\u00e9s cit\u00e9es dans les derniers documents rendus publics? &#8211; RFI<\/a><\/p>\n","protected":false},"excerpt":{"rendered":"<p>Le minist\u00e8re am\u00e9ricain de la Justice a entrepris, ce vendredi 30 janvier, la publication de trois millions de documents suppl\u00e9mentaires concernant l&#8217;homme d&#8217;affaires, et d\u00e9funt p\u00e9docriminel, Jeffrey Epstein, marquant la \u00ab\u00a0fin d&#8217;un processus\u00a0\u00bb de divulgation dans cette affaire. Donald Trump : une liste d&#8217;all\u00e9gations d&#8217;agressions sexuelles \u00e9tablie par le FBI Dans cette nouvelle publication de &hellip;<\/p>\n","protected":false},"author":2,"featured_media":20323,"comment_status":"open","ping_status":"open","sticky":false,"template":"","format":"standard","meta":{"footnotes":""},"categories":[18,29],"tags":[],"class_list":["post-20322","post","type-post","status-publish","format-standard","has-post-thumbnail","hentry","category-actualites","category-monde"],"_links":{"self":[{"href":"https:\/\/ladepeche.mr\/index.php?rest_route=\/wp\/v2\/posts\/20322","targetHints":{"allow":["GET"]}}],"collection":[{"href":"https:\/\/ladepeche.mr\/index.php?rest_route=\/wp\/v2\/posts"}],"about":[{"href":"https:\/\/ladepeche.mr\/index.php?rest_route=\/wp\/v2\/types\/post"}],"author":[{"embeddable":true,"href":"https:\/\/ladepeche.mr\/index.php?rest_route=\/wp\/v2\/users\/2"}],"replies":[{"embeddable":true,"href":"https:\/\/ladepeche.mr\/index.php?rest_route=%2Fwp%2Fv2%2Fcomments&post=20322"}],"version-history":[{"count":1,"href":"https:\/\/ladepeche.mr\/index.php?rest_route=\/wp\/v2\/posts\/20322\/revisions"}],"predecessor-version":[{"id":20324,"href":"https:\/\/ladepeche.mr\/index.php?rest_route=\/wp\/v2\/posts\/20322\/revisions\/20324"}],"wp:featuredmedia":[{"embeddable":true,"href":"https:\/\/ladepeche.mr\/index.php?rest_route=\/wp\/v2\/media\/20323"}],"wp:attachment":[{"href":"https:\/\/ladepeche.mr\/index.php?rest_route=%2Fwp%2Fv2%2Fmedia&parent=20322"}],"wp:term":[{"taxonomy":"category","embeddable":true,"href":"https:\/\/ladepeche.mr\/index.php?rest_route=%2Fwp%2Fv2%2Fcategories&post=20322"},{"taxonomy":"post_tag","embeddable":true,"href":"https:\/\/ladepeche.mr\/index.php?rest_route=%2Fwp%2Fv2%2Ftags&post=20322"}],"curies":[{"name":"wp","href":"https:\/\/api.w.org\/{rel}","templated":true}]}}