{"id":20331,"date":"2026-01-31T18:00:06","date_gmt":"2026-01-31T18:00:06","guid":{"rendered":"https:\/\/ladepeche.mr\/?p=20331"},"modified":"2026-01-31T17:49:17","modified_gmt":"2026-01-31T17:49:17","slug":"rim-fmi-decaissement-pour-plus-de-reformes-dans-le-pays","status":"publish","type":"post","link":"https:\/\/ladepeche.mr\/?p=20331","title":{"rendered":"RIM-FMI: d\u00e9caissement pour plus de r\u00e9formes dans le pays"},"content":{"rendered":"<p>Le Conseil d\u2019administration du Fonds mon\u00e9taire international (FMI) a achev\u00e9 les cinqui\u00e8mes revues des accords conclus avec la Mauritanie au titre de la Facilit\u00e9 \u00c9largie de Cr\u00e9dit (FEC) et du M\u00e9canisme \u00c9largi de Cr\u00e9dit (MEDC), ainsi que la quatri\u00e8me revue dans le cadre de la Facilit\u00e9 pour la R\u00e9silience et la Durabilit\u00e9 (FRD). Ces d\u00e9cisions permettent un d\u00e9caissement imm\u00e9diat de 65,88 millions de DTS, soit environ 91 millions de dollars, en faveur du pays.<\/p>\n<p>Selon le FMI, ces appuis financiers s\u2019inscrivent dans un contexte marqu\u00e9 par des incertitudes mondiales accrues et des risques s\u00e9curitaires r\u00e9gionaux. L\u2019institution souligne que la modernisation des cadres de politique macro\u00e9conomique, notamment l\u2019institutionnalisation de l\u2019ancrage budg\u00e9taire et la transition vers un r\u00e9gime de change plus flexible, contribuerait \u00e0 renforcer la r\u00e9silience de l\u2019\u00e9conomie mauritanienne face aux chocs ext\u00e9rieurs.<\/p>\n<p>L\u2019\u00e9conomie du pays, qui a enregistr\u00e9 une croissance de 6,3 % en 2024, devrait toutefois ralentir \u00e0 4,2 % en 2025, en raison d\u2019une contraction du secteur extractif, malgr\u00e9 la bonne tenue des activit\u00e9s non extractives. \u00c0 moyen terme, les perspectives restent favorables, port\u00e9es par les investissements publics dans les infrastructures et par le secteur priv\u00e9, ainsi que par les r\u00e9formes engag\u00e9es dans les domaines de la gouvernance, de la finance et de la formation professionnelle.<\/p>\n<p>Le FMI appelle par ailleurs \u00e0 une mise en \u0153uvre rapide des r\u00e9formes structurelles, notamment en mati\u00e8re de gouvernance et de lutte contre la corruption, ainsi qu\u2019\u00e0 l\u2019acc\u00e9l\u00e9ration de l\u2019agenda climatique. L\u2019introduction d\u2019un m\u00e9canisme automatique de tarification des produits p\u00e9troliers, accompagn\u00e9e de mesures sociales cibl\u00e9es, devrait selon l\u2019institution renforcer la r\u00e9silience climatique de la Mauritanie et d\u00e9gager des marges budg\u00e9taires pour r\u00e9pondre aux besoins de d\u00e9veloppement.<\/p>\n<p>(avec communiqu\u00e9)<\/p>\n","protected":false},"excerpt":{"rendered":"<p>Le Conseil d\u2019administration du Fonds mon\u00e9taire international (FMI) a achev\u00e9 les cinqui\u00e8mes revues des accords conclus avec la Mauritanie au titre de la Facilit\u00e9 \u00c9largie de Cr\u00e9dit (FEC) et du M\u00e9canisme \u00c9largi de Cr\u00e9dit (MEDC), ainsi que la quatri\u00e8me revue dans le cadre de la Facilit\u00e9 pour la R\u00e9silience et la Durabilit\u00e9 (FRD). Ces d\u00e9cisions &hellip;<\/p>\n","protected":false},"author":2,"featured_media":19378,"comment_status":"open","ping_status":"open","sticky":false,"template":"","format":"standard","meta":{"footnotes":""},"categories":[18,2],"tags":[],"class_list":["post-20331","post","type-post","status-publish","format-standard","has-post-thumbnail","hentry","category-actualites","category-economie"],"_links":{"self":[{"href":"https:\/\/ladepeche.mr\/index.php?rest_route=\/wp\/v2\/posts\/20331","targetHints":{"allow":["GET"]}}],"collection":[{"href":"https:\/\/ladepeche.mr\/index.php?rest_route=\/wp\/v2\/posts"}],"about":[{"href":"https:\/\/ladepeche.mr\/index.php?rest_route=\/wp\/v2\/types\/post"}],"author":[{"embeddable":true,"href":"https:\/\/ladepeche.mr\/index.php?rest_route=\/wp\/v2\/users\/2"}],"replies":[{"embeddable":true,"href":"https:\/\/ladepeche.mr\/index.php?rest_route=%2Fwp%2Fv2%2Fcomments&post=20331"}],"version-history":[{"count":1,"href":"https:\/\/ladepeche.mr\/index.php?rest_route=\/wp\/v2\/posts\/20331\/revisions"}],"predecessor-version":[{"id":20332,"href":"https:\/\/ladepeche.mr\/index.php?rest_route=\/wp\/v2\/posts\/20331\/revisions\/20332"}],"wp:featuredmedia":[{"embeddable":true,"href":"https:\/\/ladepeche.mr\/index.php?rest_route=\/wp\/v2\/media\/19378"}],"wp:attachment":[{"href":"https:\/\/ladepeche.mr\/index.php?rest_route=%2Fwp%2Fv2%2Fmedia&parent=20331"}],"wp:term":[{"taxonomy":"category","embeddable":true,"href":"https:\/\/ladepeche.mr\/index.php?rest_route=%2Fwp%2Fv2%2Fcategories&post=20331"},{"taxonomy":"post_tag","embeddable":true,"href":"https:\/\/ladepeche.mr\/index.php?rest_route=%2Fwp%2Fv2%2Ftags&post=20331"}],"curies":[{"name":"wp","href":"https:\/\/api.w.org\/{rel}","templated":true}]}}