{"id":20333,"date":"2026-01-31T21:03:26","date_gmt":"2026-01-31T21:03:26","guid":{"rendered":"https:\/\/ladepeche.mr\/?p=20333"},"modified":"2026-01-31T21:16:15","modified_gmt":"2026-01-31T21:16:15","slug":"78eme-session-ordinaire-du-conseil-des-ministres-de-lomvs-communique-de-presse","status":"publish","type":"post","link":"https:\/\/ladepeche.mr\/?p=20333","title":{"rendered":"78\u00e8me Session Ordinaire du conseil des ministres de l\u2019Omvs: communiqu\u00e9 de presse"},"content":{"rendered":"<p class=\"p1\"><span class=\"s1\">Le <\/span><span class=\"s1\">Conseil des Ministres de l\u2019Organisation pour la Mise en Valeur du fleuve S\u00e9n\u00e9gal (OMVS) a tenu sa 78\u00e8me Session Ordinaire \u00e0 Nouakchott les 30 et 31 janvier 2026, sous la pr\u00e9sidence de <\/span><span class=\"s2\">Monsieur<\/span><span class=\"s2\">Boubacar DIANE<\/span><span class=\"s1\">, Ministre de l\u2019Eau et de l\u2019Energie de la <\/span><span class=\"s2\">R\u00e9publique du Mali, Pr\u00e9sident en exercice du Conseil des Ministres de l\u2019OMVS<\/span><span class=\"s1\">.<\/span><\/p>\n<p class=\"p1\"><span class=\"s2\">Ont particip\u00e9 \u00e0 cette session\u00a0:<\/span><\/p>\n<p class=\"p1\"><span class=\"s3\">o <\/span><span class=\"s2\">Monsieur Mandjou DIOUBATE, Ambassadeur de la R\u00e9publique de Guin\u00e9e au S\u00e9n\u00e9gal\u00a0et en Mauritanie\u00a0;<\/span><\/p>\n<p class=\"p1\"><span class=\"s3\">o <\/span><span class=\"s2\">Monsieur\u00a0Alassane DIALLO, Ministre de l\u2019Industrie et du Commerce de la R\u00e9publique du Mali\u00a0;<\/span><\/p>\n<p class=\"p1\"><span class=\"s3\">o <\/span><span class=\"s2\">Monsieur Mohamed OULD KHALED Ministre de l\u2019Energie et du P\u00e9trole de la R\u00e9publique Islamique de Mauritanie\u00a0;<\/span><\/p>\n<p class=\"p1\"><span class=\"s4\">o <\/span><span class=\"s2\">Monsieur Cheikh Tidiane DIEYE<\/span><span class=\"s1\">, Ministre de l\u2019Hydraulique et de l\u2019Assainissement de la<\/span><span class=\"s2\"> R\u00e9publique du S\u00e9n\u00e9gal<\/span><span class=\"s1\">.<\/span><\/p>\n<p class=\"p1\"><span class=\"s1\">Le Conseil des Ministres exprime la solidarit\u00e9 pleine et enti\u00e8re des \u00c9tats membres de l\u2019OMVS avec le Gouvernement et le peuple maliens dans ce contexte particulier, r\u00e9affirmant l\u2019attachement ind\u00e9fectible de l\u2019Organisation aux valeurs de solidarit\u00e9, de coop\u00e9ration et de fraternit\u00e9 entre ses \u00c9tats membres.<\/span><\/p>\n<p class=\"p1\"><span class=\"s1\">Le Conseil a examin\u00e9 l\u2019ordre du jour portant sur les points suivants\u00a0:<\/span><\/p>\n<p class=\"p1\"><span class=\"s1\">&#8211; Rapport d\u2019activit\u00e9s de 2025 et programme 2026 du Haut-Commissariat et Budget pour l\u2019exercice 2026 ;<\/span><\/p>\n<p class=\"p1\"><span class=\"s1\">&#8211; Rapport du Commissaire aux Comptes pour l\u2019exercice sur les comptes de gestion 2024 du Haut-Commissariat ;<\/span><\/p>\n<p class=\"p1\"><span class=\"s1\">&#8211; Rapport d\u2019Activit\u00e9s 2025 et Programme d\u2019activit\u00e9s 2026 de la SOGED ;<\/span><\/p>\n<p class=\"p1\"><span class=\"s1\">&#8211; Budget 2026 de la SOGED et D\u00e9lib\u00e9ration de son Conseil d\u2019Administration relative au Budget 2026 ;<\/span><\/p>\n<p class=\"p1\"><span class=\"s1\">&#8211; Etats financiers de la SOGED pour l\u2019exercice 2024 (Rapport du Commissaire aux Comptes et Rapport du Conseil d\u2019Administration \u00e0 l\u2019Assembl\u00e9e G\u00e9n\u00e9rale);<\/span><\/p>\n<p class=\"p1\"><span class=\"s1\">&#8211; Rapport d\u2019Activit\u00e9s 2025 et Programme d\u2019Activit\u00e9s 2026 de la SOGEM ;<\/span><\/p>\n<p class=\"p1\"><span class=\"s1\">&#8211; Budget 2026 de la SOGEM et D\u00e9lib\u00e9ration de son Conseil d\u2019Administration relative au Budget 2026 ;<\/span><\/p>\n<p class=\"p1\"><span class=\"s1\">&#8211; Etats financiers de la SOGEM pour l\u2019exercice 2024 (Rapport du Commissaire aux Comptes et Rapport du Conseil d\u2019Administration \u00e0 l\u2019Assembl\u00e9e G\u00e9n\u00e9rale);<\/span><\/p>\n<p class=\"p1\"><span class=\"s1\">&#8211; Rapport d\u2019activit\u00e9s 2025 et Programme d\u2019Activit\u00e9s 2026 de la SOGENAV ;<\/span><\/p>\n<p class=\"p1\"><span class=\"s1\">&#8211; Budget 2026 de la SOGENAV et D\u00e9lib\u00e9ration de son Conseil d\u2019Administration relative au Budget 2026 ;<\/span><\/p>\n<p class=\"p1\"><span class=\"s1\">&#8211; Etats financiers de la SOGENAV pour l\u2019exercice 2024(Rapport du Commissaire aux Comptes et Rapport du Conseil d\u2019Administration \u00e0 l\u2019Assembl\u00e9e G\u00e9n\u00e9rale) ;<\/span><\/p>\n<p class=\"p1\"><span class=\"s1\">&#8211; Rapport d\u2019activit\u00e9s 2025 et Programme d\u2019Activit\u00e9s 2026 de la SOGEOH ;<\/span><\/p>\n<p class=\"p1\"><span class=\"s1\">&#8211; Budget 2026 de la SOGEOH et D\u00e9lib\u00e9ration de son Conseil d\u2019Administration relative au Budget 2026 ;<\/span><\/p>\n<p class=\"p1\"><span class=\"s1\">&#8211; Etats financiers de la SOGEOH pour l\u2019exercice 2024(Rapport du Commissaire aux Comptes et Rapport du Conseil d\u2019Administration \u00e0 l\u2019Assembl\u00e9e G\u00e9n\u00e9rale).<\/span><\/p>\n<p class=\"p1\"><span class=\"s1\">En examinant son ordre du jour, le Conseil des Ministres a pris connaissance de l&#8217;Etat d&#8217;avancement satisfaisant de la mise en \u0153uvre des programmes de l&#8217;Organisation, \u00e0 travers les rapports d&#8217;activit\u00e9s des diff\u00e9rentes structures que sont le Haut- Commissariat, la Soci\u00e9t\u00e9 de Gestion et d&#8217;Exploitation du Barrage de Diama (SOGED), la Soci\u00e9t\u00e9 de Gestion de l&#8217;Energie de Manantali (SOGEM), la Soci\u00e9t\u00e9 de Gestion et d&#8217;Exploitation de la Navigation (SOGENAV) et la Soci\u00e9t\u00e9 de Gestion de l&#8217;Energie des Ouvrages du Haut Bassin (SOGEOH). <\/span><\/p>\n<p class=\"p1\"><span class=\"s1\">Le Conseil des Ministres a \u00e9galement approuv\u00e9 les programmes d&#8217;activit\u00e9s des diff\u00e9rentes structures et donn\u00e9 des directives appropri\u00e9es pour leur mise en \u0153uvre, approuv\u00e9 les budgets du Haut-Commissariat, de la SOGED, de la SOGEM, de la SOGENAV et de la SOGEOH pour l&#8217;exercice 2025.<\/span><\/p>\n<p class=\"p1\"><span class=\"s1\">Au terme de cet examen de la mise en \u0153uvre des activit\u00e9s et de celles programm\u00e9es pour 2026, le Conseil des Ministres a adopt\u00e9 le rapport des Experts apr\u00e8s de fructueux \u00e9changes.<\/span><\/p>\n<p class=\"p1\"><span class=\"s1\">En outre, le Conseil des Ministres a adopt\u00e9 :<\/span><\/p>\n<p class=\"p1\"><span class=\"s1\">\u2022 les r\u00e9solutions relatives \u00e0 l&#8217;adoption des budgets 2026du Haut-Commissariat, de la SOGED, de la SOGEM, de la SOGENAV et de la SOGEOH ;<\/span><\/p>\n<p class=\"p1\"><span class=\"s1\">\u2022 les r\u00e9solutions relatives aux quitus donn\u00e9s au Haut-Commissariat de l&#8217;OMVS et aux Administrateurs des Soci\u00e9t\u00e9s ;<\/span><\/p>\n<p class=\"p1\"><span class=\"s1\">\u2022 les r\u00e9solutions approuvant les \u00c9tats financiers des soci\u00e9t\u00e9s\u00a0;<\/span><\/p>\n<p class=\"p1\"><span class=\"s1\">\u2022 la r\u00e9solution affectant le r\u00e9sultat de l\u2019exercice 2024 de la SOGEM\u00a0;<\/span><\/p>\n<p class=\"p1\"><span class=\"s1\">Au terme de ses travaux, le Conseil des Ministres a adopt\u00e9 plusieurs d\u00e9cisions structurantes marquant une nouvelle \u00e9tape dans la mise en \u0153uvre des priorit\u00e9s strat\u00e9giques de l\u2019Organisation.<\/span><\/p>\n<p class=\"p1\"><span class=\"s1\">S\u2019agissant de la navigation sur le fleuve S\u00e9n\u00e9gal, pilier fondateur de l\u2019OMVS, le Conseil a autoris\u00e9 l\u2019engagement de la premi\u00e8re phase du projet et donn\u00e9 mandat \u00e0 la SOGENAV pour lancer les travaux.\u00a0<\/span><\/p>\n<p class=\"p1\"><span class=\"s1\">Le conseil a \u00e9galement demand\u00e9 l\u2019organisation, en avril 2026, d\u2019une c\u00e9r\u00e9monie de Haut niveau de pose de la premi\u00e8re pierredes travaux de la Navigation sur le Fleuve S\u00e9n\u00e9gal.<\/span><\/p>\n<p class=\"p1\"><span class=\"s1\">\u00a0<\/span><\/p>\n<p class=\"p1\"><span class=\"s1\">Le Conseil a invit\u00e9 les \u00c9tats membres \u00e0 acc\u00e9l\u00e9rer la finalisation de leurs engagements financiers et a engag\u00e9 le Haut-Commissariat, en rapport avec la SOGENAV, \u00e0 explorer des m\u00e9canismes de financement compl\u00e9mentaires pour les phases ult\u00e9rieures.<\/span><\/p>\n<p class=\"p1\"><span class=\"s1\">Le Conseil s\u2019est par ailleurs f\u00e9licit\u00e9 de l\u2019\u00e9tablissement du premier \u00e9tat de r\u00e9f\u00e9rence de la qualit\u00e9 des eaux du bassin du fleuve S\u00e9n\u00e9gal. Il a engag\u00e9 le Haut-Commissariat, en coordination avec les \u00c9tats et les soci\u00e9t\u00e9s de gestion, \u00e0 acc\u00e9l\u00e9rer la mise en \u0153uvre du dispositif r\u00e9gional de suivi, notamment \u00e0 travers le projet DREVE et le barrage \u00e0 buts multiples Gourbassi, et \u00e0 int\u00e9grer syst\u00e9matiquement la dimension \u00ab qualit\u00e9 des eaux \u00bb dans les projets structurants du bassin.<\/span><\/p>\n<p class=\"p1\"><span class=\"s1\">Le Conseil s\u2019est \u00e9galement f\u00e9licit\u00e9 de la mobilisation des financements pour les microcentrales hydro\u00e9lectriques en R\u00e9publique de Guin\u00e9e (Poukou, Bolokoum et Bimbaw), et a salu\u00e9 l\u2019engagement de la R\u00e9publique de Guin\u00e9e \u00e0 travers la signature de la convention de financement. Il a engag\u00e9 la SOGEOH, en rapport avec le Haut-Commissariat et les \u00c9tats membres, \u00e0 prendre toutes les dispositions n\u00e9cessaires au d\u00e9marrage effectif du projet.<\/span><\/p>\n<p class=\"p1\"><span class=\"s1\">Enfin, dans un souci de renforcement de la gouvernance et de la performance du syst\u00e8me OMVS, le Conseil a autoris\u00e9 le lancement de l\u2019audit technique, financier et social des soci\u00e9t\u00e9s, et a donn\u00e9 mandat au Haut-Commissariat pour finaliser la contractualisation correspondante.<\/span><\/p>\n<p class=\"p1\"><span class=\"s1\">Les d\u00e9l\u00e9gations de la R\u00e9publique de Guin\u00e9e, de la R\u00e9publiquedu Mali et de la R\u00e9publique du S\u00e9n\u00e9gal ont exprim\u00e9 leurs sinc\u00e8res remerciements \u00e0 Son Excellence Mohamed OULD CHEIKH EL GHAZOUANI, Pr\u00e9sident de la R\u00e9publique Islamique de Mauritanie, Pr\u00e9sident en Exercice de la Conf\u00e9rence des Chefs d\u2019Etats et de Gouvernements de l\u2019OMVS, au Gouvernement et au peuple Mauritaniens, pour l&#8217;accueil fraternel dont elles ont fait l&#8217;objet.<\/span><\/p>\n<p class=\"p1\"><span class=\"s1\">\u00a0<\/span><span class=\"s2\">POUR LE CONSEIL DES MINISTRES<\/span><\/p>\n<p class=\"p1\"><span class=\"s2\">LE PRESIDENT <\/span><\/p>\n<p class=\"p1\"><span class=\"s5\">Boubacar DIANE<\/span><\/p>\n<p class=\"p1\"><span class=\"s6\">Chevalier de l\u2019Ordre Nationa<\/span><span class=\"s1\">l<\/span><\/p>\n","protected":false},"excerpt":{"rendered":"<p>Le Conseil des Ministres de l\u2019Organisation pour la Mise en Valeur du fleuve S\u00e9n\u00e9gal (OMVS) a tenu sa 78\u00e8me Session Ordinaire \u00e0 Nouakchott les 30 et 31 janvier 2026, sous la pr\u00e9sidence de MonsieurBoubacar DIANE, Ministre de l\u2019Eau et de l\u2019Energie de la R\u00e9publique du Mali, Pr\u00e9sident en exercice du Conseil des Ministres de l\u2019OMVS. &hellip;<\/p>\n","protected":false},"author":2,"featured_media":20334,"comment_status":"open","ping_status":"open","sticky":false,"template":"","format":"standard","meta":{"footnotes":""},"categories":[18],"tags":[],"class_list":["post-20333","post","type-post","status-publish","format-standard","has-post-thumbnail","hentry","category-actualites"],"_links":{"self":[{"href":"https:\/\/ladepeche.mr\/index.php?rest_route=\/wp\/v2\/posts\/20333","targetHints":{"allow":["GET"]}}],"collection":[{"href":"https:\/\/ladepeche.mr\/index.php?rest_route=\/wp\/v2\/posts"}],"about":[{"href":"https:\/\/ladepeche.mr\/index.php?rest_route=\/wp\/v2\/types\/post"}],"author":[{"embeddable":true,"href":"https:\/\/ladepeche.mr\/index.php?rest_route=\/wp\/v2\/users\/2"}],"replies":[{"embeddable":true,"href":"https:\/\/ladepeche.mr\/index.php?rest_route=%2Fwp%2Fv2%2Fcomments&post=20333"}],"version-history":[{"count":2,"href":"https:\/\/ladepeche.mr\/index.php?rest_route=\/wp\/v2\/posts\/20333\/revisions"}],"predecessor-version":[{"id":20336,"href":"https:\/\/ladepeche.mr\/index.php?rest_route=\/wp\/v2\/posts\/20333\/revisions\/20336"}],"wp:featuredmedia":[{"embeddable":true,"href":"https:\/\/ladepeche.mr\/index.php?rest_route=\/wp\/v2\/media\/20334"}],"wp:attachment":[{"href":"https:\/\/ladepeche.mr\/index.php?rest_route=%2Fwp%2Fv2%2Fmedia&parent=20333"}],"wp:term":[{"taxonomy":"category","embeddable":true,"href":"https:\/\/ladepeche.mr\/index.php?rest_route=%2Fwp%2Fv2%2Fcategories&post=20333"},{"taxonomy":"post_tag","embeddable":true,"href":"https:\/\/ladepeche.mr\/index.php?rest_route=%2Fwp%2Fv2%2Ftags&post=20333"}],"curies":[{"name":"wp","href":"https:\/\/api.w.org\/{rel}","templated":true}]}}