{"id":20340,"date":"2026-02-02T09:05:08","date_gmt":"2026-02-02T09:05:08","guid":{"rendered":"https:\/\/ladepeche.mr\/?p=20340"},"modified":"2026-02-02T09:05:08","modified_gmt":"2026-02-02T09:05:08","slug":"le-ministre-des-affaires-economiques-recoit-le-secretaire-general-adjoint-de-lonu","status":"publish","type":"post","link":"https:\/\/ladepeche.mr\/?p=20340","title":{"rendered":"Le ministre des Affaires \u00e9conomiques re\u00e7oit le Secr\u00e9taire g\u00e9n\u00e9ral adjoint de l\u2019ONU"},"content":{"rendered":"<p>Le ministre des Affaires \u00e9conomiques et du D\u00e9veloppement, Abdallah Ould Souleymane Ould Cheikh Sidia, a re\u00e7u dimanche \u00e0 Nouakchott le Secr\u00e9taire g\u00e9n\u00e9ral adjoint des Nations Unies, Claver Gatete, \u00e9galement Secr\u00e9taire ex\u00e9cutif de la Commission \u00e9conomique pour l\u2019Afrique (CEA), en visite en Mauritanie du 31 janvier au 4 f\u00e9vrier 2026.<\/p>\n<p>La rencontre a port\u00e9 sur le renforcement du partenariat entre la Mauritanie et le syst\u00e8me des Nations Unies, notamment dans les domaines \u00e9conomique et du d\u00e9veloppement. Les \u00e9changes ont mis l\u2019accent sur la coordination des efforts et l\u2019exploration de nouvelles perspectives de coop\u00e9ration.<\/p>\n<p>Les deux parties ont \u00e9galement discut\u00e9 des moyens d\u2019accro\u00eetre l\u2019appui technique et financier de l\u2019ONU, en coh\u00e9rence avec les priorit\u00e9s nationales et les r\u00e9formes en cours, afin d\u2019acc\u00e9l\u00e9rer la mise en \u0153uvre de programmes \u00e0 impact direct sur les citoyens.<\/p>\n<p>\u00c0 cette occasion, Claver Gatete a r\u00e9affirm\u00e9 la disponibilit\u00e9 des Nations Unies \u00e0 accompagner la Mauritanie dans ses projets de d\u00e9veloppement et \u00e0 approfondir le partenariat strat\u00e9gique pour garantir des r\u00e9sultats durables.<\/p>\n<p>(avec communiqu\u00e9)<\/p>\n","protected":false},"excerpt":{"rendered":"<p>Le ministre des Affaires \u00e9conomiques et du D\u00e9veloppement, Abdallah Ould Souleymane Ould Cheikh Sidia, a re\u00e7u dimanche \u00e0 Nouakchott le Secr\u00e9taire g\u00e9n\u00e9ral adjoint des Nations Unies, Claver Gatete, \u00e9galement Secr\u00e9taire ex\u00e9cutif de la Commission \u00e9conomique pour l\u2019Afrique (CEA), en visite en Mauritanie du 31 janvier au 4 f\u00e9vrier 2026. La rencontre a port\u00e9 sur le &hellip;<\/p>\n","protected":false},"author":2,"featured_media":20341,"comment_status":"open","ping_status":"open","sticky":false,"template":"","format":"standard","meta":{"footnotes":""},"categories":[18,2,29],"tags":[],"class_list":["post-20340","post","type-post","status-publish","format-standard","has-post-thumbnail","hentry","category-actualites","category-economie","category-monde"],"_links":{"self":[{"href":"https:\/\/ladepeche.mr\/index.php?rest_route=\/wp\/v2\/posts\/20340","targetHints":{"allow":["GET"]}}],"collection":[{"href":"https:\/\/ladepeche.mr\/index.php?rest_route=\/wp\/v2\/posts"}],"about":[{"href":"https:\/\/ladepeche.mr\/index.php?rest_route=\/wp\/v2\/types\/post"}],"author":[{"embeddable":true,"href":"https:\/\/ladepeche.mr\/index.php?rest_route=\/wp\/v2\/users\/2"}],"replies":[{"embeddable":true,"href":"https:\/\/ladepeche.mr\/index.php?rest_route=%2Fwp%2Fv2%2Fcomments&post=20340"}],"version-history":[{"count":1,"href":"https:\/\/ladepeche.mr\/index.php?rest_route=\/wp\/v2\/posts\/20340\/revisions"}],"predecessor-version":[{"id":20342,"href":"https:\/\/ladepeche.mr\/index.php?rest_route=\/wp\/v2\/posts\/20340\/revisions\/20342"}],"wp:featuredmedia":[{"embeddable":true,"href":"https:\/\/ladepeche.mr\/index.php?rest_route=\/wp\/v2\/media\/20341"}],"wp:attachment":[{"href":"https:\/\/ladepeche.mr\/index.php?rest_route=%2Fwp%2Fv2%2Fmedia&parent=20340"}],"wp:term":[{"taxonomy":"category","embeddable":true,"href":"https:\/\/ladepeche.mr\/index.php?rest_route=%2Fwp%2Fv2%2Fcategories&post=20340"},{"taxonomy":"post_tag","embeddable":true,"href":"https:\/\/ladepeche.mr\/index.php?rest_route=%2Fwp%2Fv2%2Ftags&post=20340"}],"curies":[{"name":"wp","href":"https:\/\/api.w.org\/{rel}","templated":true}]}}