{"id":20343,"date":"2026-02-02T19:33:39","date_gmt":"2026-02-02T19:33:39","guid":{"rendered":"https:\/\/ladepeche.mr\/?p=20343"},"modified":"2026-02-02T19:33:26","modified_gmt":"2026-02-02T19:33:26","slug":"parti-el-islah-sancre-sur-le-terrain-et-affirme-son-role-de-force-reformiste-nationale","status":"publish","type":"post","link":"https:\/\/ladepeche.mr\/?p=20343","title":{"rendered":"Parti El Islah s\u2019ancre sur le terrain et affirme son r\u00f4le de force r\u00e9formiste nationale."},"content":{"rendered":"<p>Le parti El Islah poursuit avec d\u00e9termination le renforcement de sa pr\u00e9sence sur l\u2019ensemble du territoire national \u00e0 travers l\u2019ouverture progressive de si\u00e8ges pour ses coordinations dans les wilayas et les moughataas du pays. Cette d\u00e9marche traduit une volont\u00e9 claire : faire de la proximit\u00e9 avec les citoyens, les militants et les cadres locaux le socle de l\u2019action politique du parti, loin des logiques de centralisation et de d\u00e9connexion des r\u00e9alit\u00e9s du terrain.<\/p>\n<p>En s\u2019implantant durablement dans toutes les r\u00e9gions, El Islah affirme son ambition d\u2019assumer pleinement son r\u00f4le de grand parti national, porteur d\u2019un projet r\u00e9formiste fond\u00e9 sur la justice sociale, la bonne gouvernance, la lutte contre la corruption et la consolidation de l\u2019\u00c9tat de droit. Cette pr\u00e9sence territoriale vise \u00e9galement \u00e0 mieux encadrer les pr\u00e9occupations des populations, \u00e0 accompagner les dynamiques locales de d\u00e9veloppement et \u00e0 contribuer \u00e0 l\u2019enracinement d\u2019une pratique politique responsable et participative.<\/p>\n<p>Sur le plan international, El Islah b\u00e9n\u00e9ficie d\u2019une reconnaissance politique significative. Son \u00e9lection en tant que membre de l\u2019Internationale Socialiste, ainsi que son appartenance aux r\u00e9seaux des partis socialistes arabes, t\u00e9moignent de la cr\u00e9dibilit\u00e9 de sa ligne id\u00e9ologique, de son engagement en faveur des valeurs de d\u00e9mocratie, de libert\u00e9, d\u2019\u00e9galit\u00e9 et de solidarit\u00e9 entre les peuples. Cette dimension internationale renforce la capacit\u00e9 du parti \u00e0 porter la voix de la Mauritanie dans les espaces de dialogue politique et id\u00e9ologique \u00e0 l\u2019\u00e9chelle r\u00e9gionale et mondiale.<\/p>\n<p>Sur le plan national, El Islah soutient le programme politique du Pr\u00e9sident de la R\u00e9publique et s\u2019inscrit dans le cadre de la majorit\u00e9 pr\u00e9sidentielle, par sens de responsabilit\u00e9 et souci de stabilit\u00e9 institutionnelle. Toutefois, ce soutien ne saurait \u00eatre assimil\u00e9 \u00e0 un alignement aveugle. Fid\u00e8le \u00e0 son identit\u00e9 de parti r\u00e9formiste, El Islah revendique son ind\u00e9pendance de jugement et de position sur les grandes questions nationales, en pla\u00e7ant toujours l\u2019int\u00e9r\u00eat g\u00e9n\u00e9ral, la souverainet\u00e9 nationale et la dignit\u00e9 du citoyen au c\u0153ur de ses choix politiques.<\/p>\n<p>Par cette approche \u00e9quilibr\u00e9e entre engagement national, ancrage populaire et ouverture internationale, El Islah confirme sa vocation : \u00eatre une force politique de proposition, de r\u00e9forme et de rassemblement, au service d\u2019une Mauritanie plus juste, plus solidaire et r\u00e9solument tourn\u00e9e vers l\u2019avenir.<\/p>\n<p><strong>Ahmed Salem Deida <\/strong><br \/>\n<strong>Expert en communication <\/strong><br \/>\n<strong>Membre du bureau politique El Islah.<\/strong><\/p>\n","protected":false},"excerpt":{"rendered":"<p>Le parti El Islah poursuit avec d\u00e9termination le renforcement de sa pr\u00e9sence sur l\u2019ensemble du territoire national \u00e0 travers l\u2019ouverture progressive de si\u00e8ges pour ses coordinations dans les wilayas et les moughataas du pays. Cette d\u00e9marche traduit une volont\u00e9 claire : faire de la proximit\u00e9 avec les citoyens, les militants et les cadres locaux le &hellip;<\/p>\n","protected":false},"author":2,"featured_media":20344,"comment_status":"open","ping_status":"open","sticky":false,"template":"","format":"standard","meta":{"footnotes":""},"categories":[18,31],"tags":[],"class_list":["post-20343","post","type-post","status-publish","format-standard","has-post-thumbnail","hentry","category-actualites","category-politique-et-reportages"],"_links":{"self":[{"href":"https:\/\/ladepeche.mr\/index.php?rest_route=\/wp\/v2\/posts\/20343","targetHints":{"allow":["GET"]}}],"collection":[{"href":"https:\/\/ladepeche.mr\/index.php?rest_route=\/wp\/v2\/posts"}],"about":[{"href":"https:\/\/ladepeche.mr\/index.php?rest_route=\/wp\/v2\/types\/post"}],"author":[{"embeddable":true,"href":"https:\/\/ladepeche.mr\/index.php?rest_route=\/wp\/v2\/users\/2"}],"replies":[{"embeddable":true,"href":"https:\/\/ladepeche.mr\/index.php?rest_route=%2Fwp%2Fv2%2Fcomments&post=20343"}],"version-history":[{"count":3,"href":"https:\/\/ladepeche.mr\/index.php?rest_route=\/wp\/v2\/posts\/20343\/revisions"}],"predecessor-version":[{"id":20347,"href":"https:\/\/ladepeche.mr\/index.php?rest_route=\/wp\/v2\/posts\/20343\/revisions\/20347"}],"wp:featuredmedia":[{"embeddable":true,"href":"https:\/\/ladepeche.mr\/index.php?rest_route=\/wp\/v2\/media\/20344"}],"wp:attachment":[{"href":"https:\/\/ladepeche.mr\/index.php?rest_route=%2Fwp%2Fv2%2Fmedia&parent=20343"}],"wp:term":[{"taxonomy":"category","embeddable":true,"href":"https:\/\/ladepeche.mr\/index.php?rest_route=%2Fwp%2Fv2%2Fcategories&post=20343"},{"taxonomy":"post_tag","embeddable":true,"href":"https:\/\/ladepeche.mr\/index.php?rest_route=%2Fwp%2Fv2%2Ftags&post=20343"}],"curies":[{"name":"wp","href":"https:\/\/api.w.org\/{rel}","templated":true}]}}