{"id":20352,"date":"2026-02-03T14:23:40","date_gmt":"2026-02-03T14:23:40","guid":{"rendered":"https:\/\/ladepeche.mr\/?p=20352"},"modified":"2026-02-03T14:23:40","modified_gmt":"2026-02-03T14:23:40","slug":"lunion-europeenne-et-eces-lancent-le-projet-eurecs-mauritanie-pour-le-soutien-au-cycle-electoral","status":"publish","type":"post","link":"https:\/\/ladepeche.mr\/?p=20352","title":{"rendered":"L\u2019Union europ\u00e9enne et ECES lancent le projet EURECS\u2013Mauritanie pour le soutien au cycle \u00e9lectoral."},"content":{"rendered":"<p>L\u2019Union europ\u00e9enne et le Centre Europ\u00e9en d\u2019Appui \u00c9lectoral (ECES &#8211;<a class=\"ext\" title=\"(opens in a new window)\" href=\"https:\/\/www.eces.eu\/fr\" target=\"_blank\" rel=\"noopener noreferrer\" data-extlink=\"\" aria-label=\"(link is external)\">https:\/\/www.eces.eu\/fr<\/a> ) ont proc\u00e9d\u00e9, le 2 f\u00e9vrier 2026 \u00e0 Nouakchott, au lancement officiel du projet \u00ab Une R\u00e9ponse Europ\u00e9enne au Soutien du Cycle \u00c9lectoral en Mauritanie (EURECS\u2013Mauritanie) \u00bb, lors d\u2019une c\u00e9r\u00e9monie r\u00e9unissant les institutions nationales concern\u00e9es, les partenaires internationaux et les acteurs du cadre \u00e9lectoral.<\/p>\n<p>Financ\u00e9 par l\u2019Union europ\u00e9enne et mis en \u0153uvre par ECES pour une dur\u00e9e de 24 mois, le projet vise \u00e0 appuyer les institutions et les acteurs cl\u00e9s du processus \u00e9lectoral mauritanien en amont des prochaines \u00e9ch\u00e9ances \u00e9lectorales pr\u00e9vues en 2028 et 2029, \u00e0 travers une approche int\u00e9gr\u00e9e, inclusive et fond\u00e9e sur le cycle \u00e9lectoral dans son ensemble.<\/p>\n<p>Le projet s\u2019inscrit dans la m\u00e9thodologie EURECS (A European Response to Electoral Cycle Support\u00a0&#8211;\u00a0<a class=\"ext\" title=\"(opens in a new window)\" href=\"https:\/\/www.eces.eu\/fr\/eurecs-strategy&amp;nbsp\" target=\"_blank\" rel=\"noopener noreferrer\" data-extlink=\"\" aria-label=\"(link is external)\">https:\/\/www.eces.eu\/fr\/eurecs-strategy&amp;nbsp<\/a>;), d\u00e9velopp\u00e9e par ECES, qui consid\u00e8re les \u00e9lections comme un processus de long terme et vise \u00e0 renforcer durablement les capacit\u00e9s institutionnelles, professionnelles et techniques des parties prenantes du cadre \u00e9lectoral.<\/p>\n<p>L\u2019objectif global est de contribuer \u00e0 l\u2019organisation de processus \u00e9lectoraux cr\u00e9dibles, inclusifs et apais\u00e9s, en renfor\u00e7ant la confiance des citoyens dans les institutions d\u00e9mocratiques.<\/p>\n<p>EURECS\u2013Mauritanie vise notamment \u00e0 am\u00e9liorer et harmoniser le cadre l\u00e9gal \u00e9lectoral, afin de favoriser l\u2019organisation d\u2019\u00e9lections cr\u00e9dibles dans le respect des principes de neutralit\u00e9 et d\u2019impartialit\u00e9 institutionnelle. Le projet pr\u00e9voit \u00e9galement un renforcement cibl\u00e9 des capacit\u00e9s de la Commission \u00c9lectorale Nationale Ind\u00e9pendante (CENI), de la Cour constitutionnelle, de la Haute Autorit\u00e9 de la Presse et de l\u2019Audiovisuel (HAPA) et de la Commission Nationale des Droits de l\u2019Homme (CNDH), en particulier en mati\u00e8re de promotion des libert\u00e9s fondamentales, de pr\u00e9vention de la d\u00e9sinformation et de respect des droits humains tout au long du cycle \u00e9lectoral.<\/p>\n<p>Les th\u00e9matiques du genre, de l\u2019inclusion, de la participation citoyenne et du r\u00f4le des m\u00e9dias sont int\u00e9gr\u00e9es de mani\u00e8re transversale \u00e0 l\u2019ensemble des activit\u00e9s, \u00e0 travers des actions de renforcement des capacit\u00e9s, d\u2019assistance technique et de dialogue interinstitutionnel.<\/p>\n<p>Le projet s\u2019inscrit dans le cadre plus large de la coop\u00e9ration entre l\u2019Union europ\u00e9enne et la Mauritanie, telle que d\u00e9finie par le Programme Indicatif Pluriannuel 2021\u20132027, et est align\u00e9 sur la strat\u00e9gie Global Gateway. Il contribue aux Objectifs de D\u00e9veloppement Durable, en particulier l\u2019ODD 16 (paix, justice et institutions efficaces) et l\u2019ODD 5 (\u00e9galit\u00e9 des sexes)<\/p>\n<p><strong>\u00c0 propos d\u2019ECES<\/strong><\/p>\n<p>Le Centre Europ\u00e9en d\u2019Appui \u00c9lectoral (ECES) est une fondation ind\u00e9pendante, neutre, non partisane et \u00e0 but non lucratif, dont le si\u00e8ge est \u00e9tabli \u00e0 Bruxelles et dont le mandat est de port\u00e9e globale. Cr\u00e9\u00e9e en 2010 \u00e0 l\u2019initiative de Fabio Bargiacchi, son Fondateur et Directeur ex\u00e9cutif, ECES \u0153uvre au renforcement des processus \u00e9lectoraux et de la gouvernance d\u00e9mocratique \u00e0 travers la fourniture de services de conseil strat\u00e9gique, d\u2019assistance technique et d\u2019appui op\u00e9rationnel fond\u00e9s sur des m\u00e9thodologies innovantes de gestion de projets et de gestion financi\u00e8re.<\/p>\n<p>Depuis sa cr\u00e9ation, ECES a mis en \u0153uvre des activit\u00e9s dans plus de 50 pays, principalement en Afrique, en Am\u00e9rique du Sud et au Moyen-Orient, en \u00e9troite collaboration avec les institutions nationales, r\u00e9gionales et internationales, et principalement avec des financements de l\u2019Union europ\u00e9enne et de ses \u00c9tats membres. \u00c0 ce jour, ECES a mobilis\u00e9 plus de 155 millions d\u2019euros de fonds europ\u00e9ens et nationaux \u00e0 travers ses programmes d\u2019assistance \u00e9lectorale et d\u00e9mocratique.<\/p>\n<p>L\u2019action d\u2019ECES repose sur l\u2019int\u00e9gration transversale du renforcement des capacit\u00e9s, du d\u00e9veloppement du leadership et des \u00e9changes entre pairs, en s\u2019appuyant sur des approches comparatives visant \u00e0 promouvoir le dialogue, la pr\u00e9vention et l\u2019att\u00e9nuation des conflits \u00e9lectoraux. ECES est notamment \u00e0 l\u2019origine de la m\u00e9thodologie EURECS \u2013 A European Response to Electoral Cycle Support, qui consid\u00e8re les \u00e9lections comme un processus de long terme et constitue aujourd\u2019hui une r\u00e9f\u00e9rence pour la mise en \u0153uvre d\u2019une assistance \u00e9lectorale coh\u00e9rente avec les valeurs europ\u00e9ennes et les politiques de l\u2019Union europ\u00e9enne.<\/p>\n<p><strong>Contact<\/strong> : Ashref M. Maktouf<\/p>\n<p>Coordinateur de Projet- EURECS Mauritanie<\/p>\n<p>Source DUE en Mauritanie<\/p>\n","protected":false},"excerpt":{"rendered":"<p>L\u2019Union europ\u00e9enne et le Centre Europ\u00e9en d\u2019Appui \u00c9lectoral (ECES &#8211;https:\/\/www.eces.eu\/fr ) ont proc\u00e9d\u00e9, le 2 f\u00e9vrier 2026 \u00e0 Nouakchott, au lancement officiel du projet \u00ab Une R\u00e9ponse Europ\u00e9enne au Soutien du Cycle \u00c9lectoral en Mauritanie (EURECS\u2013Mauritanie) \u00bb, lors d\u2019une c\u00e9r\u00e9monie r\u00e9unissant les institutions nationales concern\u00e9es, les partenaires internationaux et les acteurs du cadre \u00e9lectoral. Financ\u00e9 &hellip;<\/p>\n","protected":false},"author":2,"featured_media":20353,"comment_status":"open","ping_status":"open","sticky":false,"template":"","format":"standard","meta":{"footnotes":""},"categories":[18,31],"tags":[],"class_list":["post-20352","post","type-post","status-publish","format-standard","has-post-thumbnail","hentry","category-actualites","category-politique-et-reportages"],"_links":{"self":[{"href":"https:\/\/ladepeche.mr\/index.php?rest_route=\/wp\/v2\/posts\/20352","targetHints":{"allow":["GET"]}}],"collection":[{"href":"https:\/\/ladepeche.mr\/index.php?rest_route=\/wp\/v2\/posts"}],"about":[{"href":"https:\/\/ladepeche.mr\/index.php?rest_route=\/wp\/v2\/types\/post"}],"author":[{"embeddable":true,"href":"https:\/\/ladepeche.mr\/index.php?rest_route=\/wp\/v2\/users\/2"}],"replies":[{"embeddable":true,"href":"https:\/\/ladepeche.mr\/index.php?rest_route=%2Fwp%2Fv2%2Fcomments&post=20352"}],"version-history":[{"count":1,"href":"https:\/\/ladepeche.mr\/index.php?rest_route=\/wp\/v2\/posts\/20352\/revisions"}],"predecessor-version":[{"id":20354,"href":"https:\/\/ladepeche.mr\/index.php?rest_route=\/wp\/v2\/posts\/20352\/revisions\/20354"}],"wp:featuredmedia":[{"embeddable":true,"href":"https:\/\/ladepeche.mr\/index.php?rest_route=\/wp\/v2\/media\/20353"}],"wp:attachment":[{"href":"https:\/\/ladepeche.mr\/index.php?rest_route=%2Fwp%2Fv2%2Fmedia&parent=20352"}],"wp:term":[{"taxonomy":"category","embeddable":true,"href":"https:\/\/ladepeche.mr\/index.php?rest_route=%2Fwp%2Fv2%2Fcategories&post=20352"},{"taxonomy":"post_tag","embeddable":true,"href":"https:\/\/ladepeche.mr\/index.php?rest_route=%2Fwp%2Fv2%2Ftags&post=20352"}],"curies":[{"name":"wp","href":"https:\/\/api.w.org\/{rel}","templated":true}]}}