{"id":20373,"date":"2026-02-04T12:20:06","date_gmt":"2026-02-04T12:20:06","guid":{"rendered":"https:\/\/ladepeche.mr\/?p=20373"},"modified":"2026-02-04T12:20:06","modified_gmt":"2026-02-04T12:20:06","slug":"libye-saif-al-islam-fils-de-mouammar-kadhafi-tue-par-un-commando-arme","status":"publish","type":"post","link":"https:\/\/ladepeche.mr\/?p=20373","title":{"rendered":"Libye : Sa\u00eff al-Islam, fils de Mouammar Kadhafi, tu\u00e9 par un commando arm\u00e9"},"content":{"rendered":"<p><strong>Recherch\u00e9 par la Cour p\u00e9nale internationale pour crimes contre l\u2019humanit\u00e9, le fils de l\u2019ex-dictateur libyen Mouammar Kadhafi a \u00e9t\u00e9 tu\u00e9 mardi dans sa r\u00e9sidence de l\u2019ouest du pays.<\/strong><\/p>\n<p data-t=\"{&quot;n&quot;:&quot;blueLinks&quot;,&quot;t&quot;:13,&quot;a&quot;:&quot;click&quot;,&quot;b&quot;:76}\"><strong>Sa\u00eff al-Islam Kadhafi, 53 ans, longtemps pr\u00e9sent\u00e9 comme l\u2019h\u00e9ritier politique de son p\u00e8re avant la chute du r\u00e9gime en 2011, a \u00e9t\u00e9 assassin\u00e9 mardi 4 f\u00e9vrier \u00e0 Zintan, dans l\u2019ouest de la Libye.<\/strong><\/p>\n<p data-t=\"{&quot;n&quot;:&quot;blueLinks&quot;,&quot;t&quot;:13,&quot;a&quot;:&quot;click&quot;,&quot;b&quot;:76}\">Selon son avocat fran\u00e7ais, Marcel Ceccaldi, il a \u00e9t\u00e9 tu\u00e9 vers 14 heures locales \u00ab dans sa maison, par un commando de quatre personnes \u00bb. Des hommes arm\u00e9s non identifi\u00e9s auraient neutralis\u00e9 les cam\u00e9ras de surveillance avant de prendre d\u2019assaut la r\u00e9sidence et de l\u2019ex\u00e9cuter, d\u2019apr\u00e8s des sources proches de son entourage.<\/p>\n<p data-t=\"{&quot;n&quot;:&quot;blueLinks&quot;,&quot;t&quot;:13,&quot;a&quot;:&quot;click&quot;,&quot;b&quot;:76}\">Recherch\u00e9 par la Cour p\u00e9nale internationale pour crimes contre l\u2019humanit\u00e9 li\u00e9s \u00e0 la r\u00e9pression de la r\u00e9volte de 2011, Sa\u00eff al-Islam avait \u00e9t\u00e9 arr\u00eat\u00e9 cette ann\u00e9e-l\u00e0 dans le sud libyen, puis d\u00e9tenu \u00e0 Zintan. Condamn\u00e9 \u00e0 mort en 2015 \u00e0 l\u2019issue d\u2019un proc\u00e8s largement critiqu\u00e9, il avait ensuite b\u00e9n\u00e9fici\u00e9 d\u2019une amnistie. Depuis, sa localisation demeurait incertaine : \u00ab Il bougeait souvent \u00bb, a confirm\u00e9 son avocat, qui \u00e9voque des \u00ab failles de s\u00e9curit\u00e9 \u00bb signal\u00e9es une dizaine de jours avant sa mort.<\/p>\n<p class=\"\" data-t=\"{&quot;n&quot;:&quot;blueLinks&quot;,&quot;t&quot;:13,&quot;a&quot;:&quot;click&quot;,&quot;b&quot;:76}\">Form\u00e9 en Occident et soucieux, avant 2011, de se construire une image de r\u00e9formateur, Sa\u00eff al-Islam avait vu sa r\u00e9putation s\u2019effondrer lorsqu\u2019il avait menac\u00e9 les insurg\u00e9s de \u00ab bains de sang \u00bb au d\u00e9but de la r\u00e9bellion.<\/p>\n<p data-t=\"{&quot;n&quot;:&quot;blueLinks&quot;,&quot;t&quot;:13,&quot;a&quot;:&quot;click&quot;,&quot;b&quot;:76}\">En 2021, il avait tent\u00e9 un retour sur la sc\u00e8ne politique en d\u00e9posant sa candidature \u00e0 l\u2019\u00e9lection pr\u00e9sidentielle, misant sur le soutien des nostalgiques de l\u2019ancien r\u00e9gime. Un scrutin finalement annul\u00e9, dans un pays toujours min\u00e9 par les divisions.<\/p>\n<p data-t=\"{&quot;n&quot;:&quot;blueLinks&quot;,&quot;t&quot;:13,&quot;a&quot;:&quot;click&quot;,&quot;b&quot;:76}\">Pour plusieurs observateurs, sa mort pourrait faire de lui une figure martyre pour une partie de la population tout en \u00e9liminant un acteur controvers\u00e9 du jeu politique. L\u2019ancien porte-parole du r\u00e9gime Kadhafi, Moussa Ibrahim, a d\u00e9nonc\u00e9 un assassinat \u00ab perfide \u00bb, affirmant que Sa\u00eff al-Islam aspirait \u00e0 \u00ab une Libye unie et souveraine \u00bb.<\/p>\n<p data-t=\"{&quot;n&quot;:&quot;blueLinks&quot;,&quot;t&quot;:13,&quot;a&quot;:&quot;click&quot;,&quot;b&quot;:76}\">Quatorze ans apr\u00e8s la chute de Mouammar Kadhafi, le pays reste profond\u00e9ment instable. Deux autorit\u00e9s rivales se disputent le pouvoir : le gouvernement d\u2019unit\u00e9 nationale bas\u00e9 \u00e0 Tripoli et reconnu par l\u2019ONU, et une administration parall\u00e8le \u00e0 Benghazi, appuy\u00e9e par le mar\u00e9chal Khalifa Haftar.<\/p>\n<p data-t=\"{&quot;n&quot;:&quot;blueLinks&quot;,&quot;t&quot;:13,&quot;a&quot;:&quot;click&quot;,&quot;b&quot;:76}\">L\u2019assassinat de Sa\u00eff al-Islam Kadhafi s\u2019inscrit dans ce contexte de violence politique persistante, o\u00f9 les r\u00e8glements de comptes continuent de fa\u00e7onner l\u2019avenir incertain de la Libye.<\/p>\n<p data-t=\"{&quot;n&quot;:&quot;blueLinks&quot;,&quot;t&quot;:13,&quot;a&quot;:&quot;click&quot;,&quot;b&quot;:76}\"><a href=\"https:\/\/www.msn.com\/fr-xl\/actualite\/other\/libye-sa%C3%AFf-al-islam-fils-de-mouammar-kadhafi-tu%C3%A9-par-un-commando-arm%C3%A9\/ar-AA1VCVjF?ocid=msedgntp&amp;pc=U531&amp;cvid=6983221668254401b9052d276032d51a&amp;ei=8\">Libye : Sa\u00eff al-Islam, fils de Mouammar Kadhafi, tu\u00e9 par un commando arm\u00e9<\/a><\/p>\n","protected":false},"excerpt":{"rendered":"<p>Recherch\u00e9 par la Cour p\u00e9nale internationale pour crimes contre l\u2019humanit\u00e9, le fils de l\u2019ex-dictateur libyen Mouammar Kadhafi a \u00e9t\u00e9 tu\u00e9 mardi dans sa r\u00e9sidence de l\u2019ouest du pays. Sa\u00eff al-Islam Kadhafi, 53 ans, longtemps pr\u00e9sent\u00e9 comme l\u2019h\u00e9ritier politique de son p\u00e8re avant la chute du r\u00e9gime en 2011, a \u00e9t\u00e9 assassin\u00e9 mardi 4 f\u00e9vrier \u00e0 &hellip;<\/p>\n","protected":false},"author":2,"featured_media":20374,"comment_status":"open","ping_status":"open","sticky":false,"template":"","format":"standard","meta":{"footnotes":""},"categories":[18,29],"tags":[],"class_list":["post-20373","post","type-post","status-publish","format-standard","has-post-thumbnail","hentry","category-actualites","category-monde"],"_links":{"self":[{"href":"https:\/\/ladepeche.mr\/index.php?rest_route=\/wp\/v2\/posts\/20373","targetHints":{"allow":["GET"]}}],"collection":[{"href":"https:\/\/ladepeche.mr\/index.php?rest_route=\/wp\/v2\/posts"}],"about":[{"href":"https:\/\/ladepeche.mr\/index.php?rest_route=\/wp\/v2\/types\/post"}],"author":[{"embeddable":true,"href":"https:\/\/ladepeche.mr\/index.php?rest_route=\/wp\/v2\/users\/2"}],"replies":[{"embeddable":true,"href":"https:\/\/ladepeche.mr\/index.php?rest_route=%2Fwp%2Fv2%2Fcomments&post=20373"}],"version-history":[{"count":1,"href":"https:\/\/ladepeche.mr\/index.php?rest_route=\/wp\/v2\/posts\/20373\/revisions"}],"predecessor-version":[{"id":20375,"href":"https:\/\/ladepeche.mr\/index.php?rest_route=\/wp\/v2\/posts\/20373\/revisions\/20375"}],"wp:featuredmedia":[{"embeddable":true,"href":"https:\/\/ladepeche.mr\/index.php?rest_route=\/wp\/v2\/media\/20374"}],"wp:attachment":[{"href":"https:\/\/ladepeche.mr\/index.php?rest_route=%2Fwp%2Fv2%2Fmedia&parent=20373"}],"wp:term":[{"taxonomy":"category","embeddable":true,"href":"https:\/\/ladepeche.mr\/index.php?rest_route=%2Fwp%2Fv2%2Fcategories&post=20373"},{"taxonomy":"post_tag","embeddable":true,"href":"https:\/\/ladepeche.mr\/index.php?rest_route=%2Fwp%2Fv2%2Ftags&post=20373"}],"curies":[{"name":"wp","href":"https:\/\/api.w.org\/{rel}","templated":true}]}}