{"id":20376,"date":"2026-02-04T12:33:48","date_gmt":"2026-02-04T12:33:48","guid":{"rendered":"https:\/\/ladepeche.mr\/?p=20376"},"modified":"2026-02-04T12:33:48","modified_gmt":"2026-02-04T12:33:48","slug":"sous-la-presidence-de-la-mauritanie-ouverture-a-dubai-de-la-conference-sur-les-initiatives-de-realisation-de-la-securite-alimentaire-arabe","status":"publish","type":"post","link":"https:\/\/ladepeche.mr\/?p=20376","title":{"rendered":"Sous la pr\u00e9sidence de la Mauritanie.. ouverture \u00e0 Duba\u00ef de la Conf\u00e9rence sur les initiatives de r\u00e9alisation de la s\u00e9curit\u00e9 alimentaire arabe"},"content":{"rendered":"<p>La Conf\u00e9rence sur les initiatives de r\u00e9alisation de la s\u00e9curit\u00e9 alimentaire dans le monde arabe s\u2019est ouverte mardi \u00e0 Duba\u00ef, sous la pr\u00e9sidence de la Mauritanie, r\u00e9unissant responsables gouvernementaux, experts et investisseurs autour des enjeux de durabilit\u00e9 et de souverainet\u00e9 alimentaire.<\/p>\n<p>Organis\u00e9e par l\u2019Autorit\u00e9 arabe pour l\u2019investissement et le d\u00e9veloppement agricole, la rencontre se tient jusqu\u2019au 5 f\u00e9vrier sous le th\u00e8me \u00ab Initiatives pour la r\u00e9alisation de la s\u00e9curit\u00e9 alimentaire dans le monde arabe \u00bb et le slogan \u00ab La durabilit\u00e9, voie incontournable vers la s\u00e9curit\u00e9 alimentaire \u00bb.<\/p>\n<p>S\u2019exprimant lors de la s\u00e9ance d\u2019ouverture, le ministre mauritanien des Affaires \u00e9conomiques et du D\u00e9veloppement, Abdallah Ould Souleymane Ould Cheikh Sidiya, pr\u00e9sident du Conseil des actionnaires pour la 49\u1d49 session, a estim\u00e9 que la s\u00e9curit\u00e9 alimentaire constitue d\u00e9sormais une question de souverainet\u00e9 nationale, dans un contexte marqu\u00e9 par les perturbations des cha\u00eenes d\u2019approvisionnement et les effets du changement climatique. Il a salu\u00e9 le r\u00f4le des \u00c9mirats arabes unis et celui du pr\u00e9sident du Conseil d\u2019administration de l\u2019Organisation, Dr Obaid Saif Al Zaabi, dans l\u2019appui aux initiatives r\u00e9gionales en la mati\u00e8re.<\/p>\n<p>Le ministre a mis en avant l\u2019exp\u00e9rience de la Mauritanie, soulignant que le pays s\u2019est dot\u00e9 d\u2019une vision int\u00e9gr\u00e9e faisant de la souverainet\u00e9 alimentaire une priorit\u00e9, conform\u00e9ment aux orientations du pr\u00e9sident Mohamed Ould Cheikh El Ghazouani. Cette politique, a-t-il pr\u00e9cis\u00e9, s\u2019est traduite par la cr\u00e9ation d\u2019un d\u00e9partement minist\u00e9riel d\u00e9di\u00e9 et par la mise en \u0153uvre de programmes structurels de lutte contre la pauvret\u00e9 et le d\u00e9ficit alimentaire.<\/p>\n<p>Selon lui, ces programmes ont permis des r\u00e9sultats notables, notamment une hausse sans pr\u00e9c\u00e9dent de la production rizicole et mara\u00eech\u00e8re. Il a \u00e9galement appel\u00e9 les investisseurs arabes \u00e0 explorer les opportunit\u00e9s offertes par la Mauritanie, citant plus de 135 000 hectares de terres irrigables, un cheptel d\u2019environ 30 millions de t\u00eates de b\u00e9tail et 700 kilom\u00e8tres de c\u00f4tes riches en ressources halieutiques, soutenus par un cadre juridique incitatif et un climat d\u2019investissement stable.<\/p>\n<p>En cl\u00f4ture, le ministre a exprim\u00e9 l\u2019espoir que la conf\u00e9rence d\u00e9bouche sur des recommandations concr\u00e8tes renfor\u00e7ant l\u2019int\u00e9gration \u00e9conomique arabe et la s\u00e9curit\u00e9 alimentaire r\u00e9gionale.<\/p>\n<p>Une d\u00e9l\u00e9gation mauritanienne de haut niveau participe \u00e0 la conf\u00e9rence aux c\u00f4t\u00e9s de chercheurs, d\u00e9cideurs, chefs d\u2019entreprise et investisseurs issus de plusieurs pays arabes.<\/p>\n<p>(avec communiqu\u00e9 MAED)<\/p>\n<p><strong>Lien vid\u00e9o allocution du ministre mauritanien des Affaires \u00e9conomiques et du D\u00e9veloppement, Abdallah Ould Souleymane Ould Cheikh Sidiya<\/strong><\/p>\n<p><iframe loading=\"lazy\" title=\"Allocution du MAED\" width=\"500\" height=\"281\" src=\"https:\/\/www.youtube.com\/embed\/b7ipJEranOY?feature=oembed\" frameborder=\"0\" allow=\"accelerometer; autoplay; clipboard-write; encrypted-media; gyroscope; picture-in-picture; web-share\" referrerpolicy=\"strict-origin-when-cross-origin\" allowfullscreen><\/iframe><\/p>\n","protected":false},"excerpt":{"rendered":"<p>La Conf\u00e9rence sur les initiatives de r\u00e9alisation de la s\u00e9curit\u00e9 alimentaire dans le monde arabe s\u2019est ouverte mardi \u00e0 Duba\u00ef, sous la pr\u00e9sidence de la Mauritanie, r\u00e9unissant responsables gouvernementaux, experts et investisseurs autour des enjeux de durabilit\u00e9 et de souverainet\u00e9 alimentaire. Organis\u00e9e par l\u2019Autorit\u00e9 arabe pour l\u2019investissement et le d\u00e9veloppement agricole, la rencontre se tient &hellip;<\/p>\n","protected":false},"author":2,"featured_media":20371,"comment_status":"open","ping_status":"open","sticky":false,"template":"","format":"standard","meta":{"footnotes":""},"categories":[18,29],"tags":[],"class_list":["post-20376","post","type-post","status-publish","format-standard","has-post-thumbnail","hentry","category-actualites","category-monde"],"_links":{"self":[{"href":"https:\/\/ladepeche.mr\/index.php?rest_route=\/wp\/v2\/posts\/20376","targetHints":{"allow":["GET"]}}],"collection":[{"href":"https:\/\/ladepeche.mr\/index.php?rest_route=\/wp\/v2\/posts"}],"about":[{"href":"https:\/\/ladepeche.mr\/index.php?rest_route=\/wp\/v2\/types\/post"}],"author":[{"embeddable":true,"href":"https:\/\/ladepeche.mr\/index.php?rest_route=\/wp\/v2\/users\/2"}],"replies":[{"embeddable":true,"href":"https:\/\/ladepeche.mr\/index.php?rest_route=%2Fwp%2Fv2%2Fcomments&post=20376"}],"version-history":[{"count":1,"href":"https:\/\/ladepeche.mr\/index.php?rest_route=\/wp\/v2\/posts\/20376\/revisions"}],"predecessor-version":[{"id":20377,"href":"https:\/\/ladepeche.mr\/index.php?rest_route=\/wp\/v2\/posts\/20376\/revisions\/20377"}],"wp:featuredmedia":[{"embeddable":true,"href":"https:\/\/ladepeche.mr\/index.php?rest_route=\/wp\/v2\/media\/20371"}],"wp:attachment":[{"href":"https:\/\/ladepeche.mr\/index.php?rest_route=%2Fwp%2Fv2%2Fmedia&parent=20376"}],"wp:term":[{"taxonomy":"category","embeddable":true,"href":"https:\/\/ladepeche.mr\/index.php?rest_route=%2Fwp%2Fv2%2Fcategories&post=20376"},{"taxonomy":"post_tag","embeddable":true,"href":"https:\/\/ladepeche.mr\/index.php?rest_route=%2Fwp%2Fv2%2Ftags&post=20376"}],"curies":[{"name":"wp","href":"https:\/\/api.w.org\/{rel}","templated":true}]}}