{"id":20378,"date":"2026-02-04T15:14:17","date_gmt":"2026-02-04T15:14:17","guid":{"rendered":"https:\/\/ladepeche.mr\/?p=20378"},"modified":"2026-02-04T15:15:24","modified_gmt":"2026-02-04T15:15:24","slug":"20378","status":"publish","type":"post","link":"https:\/\/ladepeche.mr\/?p=20378","title":{"rendered":"Mauritanie\u2013\u00c9mirats : concertations pour renforcer les partenariats d\u2019investissement et la s\u00e9curit\u00e9 alimentaire arabe"},"content":{"rendered":"<p>La Mauritanie et l\u2019Organisation arabe pour l\u2019investissement et le d\u00e9veloppement agricole (OAIDA) ont tenu, mercredi \u00e0 Duba\u00ef, des concertations visant \u00e0 renforcer leur coop\u00e9ration bilat\u00e9rale, en marge de la Conf\u00e9rence arabe sur la s\u00e9curit\u00e9 alimentaire.<\/p>\n<p>Dans ce cadre, le ministre mauritanien des Affaires \u00e9conomiques et du D\u00e9veloppement, Dr Abdallahi Ould Souleymane Ould Cheikh Sidiya \u2014 \u00e9galement gouverneur aupr\u00e8s de l\u2019OAIDA et pr\u00e9sident du Conseil des actionnaires pour l\u2019exercice en cours \u2014 s\u2019est entretenu avec Mohamed bin Hadi Al Hussaini, ministre d\u2019\u00c9tat charg\u00e9 des Affaires financi\u00e8res des \u00c9mirats arabes unis. La rencontre s\u2019est d\u00e9roul\u00e9e en pr\u00e9sence du Dr Obaid Saif Hamad Al Zaabi, pr\u00e9sident du Conseil d\u2019administration de l\u2019Organisation, ainsi que des ambassadeurs des deux pays.<\/p>\n<p>Les discussions ont port\u00e9 sur les m\u00e9canismes de consolidation de la coop\u00e9ration \u00e9conomique bilat\u00e9rale et sur l\u2019activation de partenariats d\u2019investissement capables de soutenir les objectifs du d\u00e9veloppement durable.<\/p>\n<p>\u00c0 cette occasion, le ministre mauritanien a mis en lumi\u00e8re les opportunit\u00e9s de coop\u00e9ration dans les domaines de l\u2019agriculture, de l\u2019innovation alimentaire et des investissements productifs, soulignant le potentiel prometteur de ce secteur strat\u00e9gique en Mauritanie.<\/p>\n<p>Il a \u00e9galement insist\u00e9 sur la n\u00e9cessit\u00e9 d\u2019une action arabe concert\u00e9e pour faire face aux d\u00e9fis pesant sur les cha\u00eenes d\u2019approvisionnement et renforcer la souverainet\u00e9 alimentaire, tout en saluant le r\u00f4le moteur des institutions financi\u00e8res arabes dans l\u2019accompagnement des grands projets productifs.<\/p>\n<p>Par ailleurs, Dr Ould Cheikh Sidiya a prononc\u00e9, en sa qualit\u00e9 de pr\u00e9sident du Conseil des actionnaires, le discours inaugural de la conf\u00e9rence intitul\u00e9e <em>\u00ab Initiatives pour la concr\u00e9tisation de la s\u00e9curit\u00e9 alimentaire dans le monde arabe \u00bb<\/em>.<\/p>\n<p class=\"p1\" style=\"text-align: left;\">(avec note d\u2019information)<\/p>\n","protected":false},"excerpt":{"rendered":"<p>La Mauritanie et l\u2019Organisation arabe pour l\u2019investissement et le d\u00e9veloppement agricole (OAIDA) ont tenu, mercredi \u00e0 Duba\u00ef, des concertations visant \u00e0 renforcer leur coop\u00e9ration bilat\u00e9rale, en marge de la Conf\u00e9rence arabe sur la s\u00e9curit\u00e9 alimentaire. Dans ce cadre, le ministre mauritanien des Affaires \u00e9conomiques et du D\u00e9veloppement, Dr Abdallahi Ould Souleymane Ould Cheikh Sidiya \u2014 &hellip;<\/p>\n","protected":false},"author":2,"featured_media":20379,"comment_status":"open","ping_status":"open","sticky":false,"template":"","format":"standard","meta":{"footnotes":""},"categories":[18,2,29],"tags":[],"class_list":["post-20378","post","type-post","status-publish","format-standard","has-post-thumbnail","hentry","category-actualites","category-economie","category-monde"],"_links":{"self":[{"href":"https:\/\/ladepeche.mr\/index.php?rest_route=\/wp\/v2\/posts\/20378","targetHints":{"allow":["GET"]}}],"collection":[{"href":"https:\/\/ladepeche.mr\/index.php?rest_route=\/wp\/v2\/posts"}],"about":[{"href":"https:\/\/ladepeche.mr\/index.php?rest_route=\/wp\/v2\/types\/post"}],"author":[{"embeddable":true,"href":"https:\/\/ladepeche.mr\/index.php?rest_route=\/wp\/v2\/users\/2"}],"replies":[{"embeddable":true,"href":"https:\/\/ladepeche.mr\/index.php?rest_route=%2Fwp%2Fv2%2Fcomments&post=20378"}],"version-history":[{"count":2,"href":"https:\/\/ladepeche.mr\/index.php?rest_route=\/wp\/v2\/posts\/20378\/revisions"}],"predecessor-version":[{"id":20381,"href":"https:\/\/ladepeche.mr\/index.php?rest_route=\/wp\/v2\/posts\/20378\/revisions\/20381"}],"wp:featuredmedia":[{"embeddable":true,"href":"https:\/\/ladepeche.mr\/index.php?rest_route=\/wp\/v2\/media\/20379"}],"wp:attachment":[{"href":"https:\/\/ladepeche.mr\/index.php?rest_route=%2Fwp%2Fv2%2Fmedia&parent=20378"}],"wp:term":[{"taxonomy":"category","embeddable":true,"href":"https:\/\/ladepeche.mr\/index.php?rest_route=%2Fwp%2Fv2%2Fcategories&post=20378"},{"taxonomy":"post_tag","embeddable":true,"href":"https:\/\/ladepeche.mr\/index.php?rest_route=%2Fwp%2Fv2%2Ftags&post=20378"}],"curies":[{"name":"wp","href":"https:\/\/api.w.org\/{rel}","templated":true}]}}