{"id":20388,"date":"2026-02-05T12:39:19","date_gmt":"2026-02-05T12:39:19","guid":{"rendered":"https:\/\/ladepeche.mr\/?p=20388"},"modified":"2026-02-05T12:39:19","modified_gmt":"2026-02-05T12:39:19","slug":"le-premier-ministre-presente-les-opportunites-prometteuses-dinvestissement-en-mauritanie","status":"publish","type":"post","link":"https:\/\/ladepeche.mr\/?p=20388","title":{"rendered":"Le Premier ministre pr\u00e9sente les opportunit\u00e9s prometteuses d\u2019investissement en Mauritanie"},"content":{"rendered":"<p>Le Premier ministre, M. El Moctar Ould Djay, a pr\u00e9sent\u00e9 ce jeudi \u00e0 Duba\u00ef (\u00c9mirats arabes unis), devant les participants au Sommet mondial des gouvernements, qui se tient du 3 au 5 f\u00e9vrier courant, la vision du le Pr\u00e9sident de la R\u00e9publique, Son Excellence Monsieur Mohamed Ould Cheikh El Ghazouani, permettant de d\u00e9velopper la Mauritanie et de renforcer son processus de d\u00e9veloppement.<\/p>\n<p>Le Premier ministre a indiqu\u00e9, dans ce cadre, que notre pays poss\u00e8de d\u2019importantes richesses naturelles et offre des opportunit\u00e9s prometteuses d\u2019investissement dans les domaines de la p\u00eache, de l\u2019agriculture et des mines. Il a \u00e9galement soulign\u00e9 que le Mauritanie b\u00e9n\u00e9ficie de conditions favorables pour attirer les investissements, gr\u00e2ce \u00e0 sa stabilit\u00e9 politique, sa s\u00e9curit\u00e9 et ses r\u00e9formes \u00e9conomiques continues.<\/p>\n<p>M. El Moctar Ould Djay a \u00e9voqu\u00e9 la position strat\u00e9gique de la Mauritanie en tant que trait d\u2019union entre l\u2019Afrique et le monde arabe avant de passer en revue les plans du gouvernement visant \u00e0 r\u00e9aliser davantage d\u2019infrastructures n\u00e9cessaires au d\u00e9veloppement, notamment la modernisation du r\u00e9seau routier et le renforcement des liaisons r\u00e9gionales afin de favoriser le commerce et l\u2019int\u00e9gration \u00e9conomique entre les pays de la r\u00e9gion.<\/p>\n<p>Le premier ministre a aussi insist\u00e9 sur l\u2019importance croissante de la num\u00e9risation pour parvenir \u00e0 un d\u00e9veloppement durable et r\u00e9ussi \u00e0 l\u2019\u00e8re moderne et sur le r\u00f4le central des jeunes dans la concr\u00e9tisation des ambitions de d\u00e9veloppement du pays.<\/p>\n<p>La participation de la Mauritanie s\u2019inscrit dans le cadre de la volont\u00e9 du pays de renforcer sa pr\u00e9sence sur la sc\u00e8ne internationale, de faire conna\u00eetre ses opportunit\u00e9s d\u2019investissement et ses perspectives de d\u00e9veloppement, afin de tisser des relations \u00e9troites avec des partenariats efficaces et divers acteurs internationaux pour r\u00e9aliser les objectifs de son d\u00e9veloppement global et durable.<\/p>\n<p>ami<\/p>\n","protected":false},"excerpt":{"rendered":"<p>Le Premier ministre, M. El Moctar Ould Djay, a pr\u00e9sent\u00e9 ce jeudi \u00e0 Duba\u00ef (\u00c9mirats arabes unis), devant les participants au Sommet mondial des gouvernements, qui se tient du 3 au 5 f\u00e9vrier courant, la vision du le Pr\u00e9sident de la R\u00e9publique, Son Excellence Monsieur Mohamed Ould Cheikh El Ghazouani, permettant de d\u00e9velopper la Mauritanie &hellip;<\/p>\n","protected":false},"author":2,"featured_media":20389,"comment_status":"open","ping_status":"open","sticky":false,"template":"","format":"standard","meta":{"footnotes":""},"categories":[18,2,29],"tags":[],"class_list":["post-20388","post","type-post","status-publish","format-standard","has-post-thumbnail","hentry","category-actualites","category-economie","category-monde"],"_links":{"self":[{"href":"https:\/\/ladepeche.mr\/index.php?rest_route=\/wp\/v2\/posts\/20388","targetHints":{"allow":["GET"]}}],"collection":[{"href":"https:\/\/ladepeche.mr\/index.php?rest_route=\/wp\/v2\/posts"}],"about":[{"href":"https:\/\/ladepeche.mr\/index.php?rest_route=\/wp\/v2\/types\/post"}],"author":[{"embeddable":true,"href":"https:\/\/ladepeche.mr\/index.php?rest_route=\/wp\/v2\/users\/2"}],"replies":[{"embeddable":true,"href":"https:\/\/ladepeche.mr\/index.php?rest_route=%2Fwp%2Fv2%2Fcomments&post=20388"}],"version-history":[{"count":1,"href":"https:\/\/ladepeche.mr\/index.php?rest_route=\/wp\/v2\/posts\/20388\/revisions"}],"predecessor-version":[{"id":20390,"href":"https:\/\/ladepeche.mr\/index.php?rest_route=\/wp\/v2\/posts\/20388\/revisions\/20390"}],"wp:featuredmedia":[{"embeddable":true,"href":"https:\/\/ladepeche.mr\/index.php?rest_route=\/wp\/v2\/media\/20389"}],"wp:attachment":[{"href":"https:\/\/ladepeche.mr\/index.php?rest_route=%2Fwp%2Fv2%2Fmedia&parent=20388"}],"wp:term":[{"taxonomy":"category","embeddable":true,"href":"https:\/\/ladepeche.mr\/index.php?rest_route=%2Fwp%2Fv2%2Fcategories&post=20388"},{"taxonomy":"post_tag","embeddable":true,"href":"https:\/\/ladepeche.mr\/index.php?rest_route=%2Fwp%2Fv2%2Ftags&post=20388"}],"curies":[{"name":"wp","href":"https:\/\/api.w.org\/{rel}","templated":true}]}}