{"id":20391,"date":"2026-02-05T13:02:29","date_gmt":"2026-02-05T13:02:29","guid":{"rendered":"https:\/\/ladepeche.mr\/?p=20391"},"modified":"2026-02-05T13:02:29","modified_gmt":"2026-02-05T13:02:29","slug":"forum-daffaires-germano-mauritanien-des-echanges-commerciaux-modestes-quil-faut-booster","status":"publish","type":"post","link":"https:\/\/ladepeche.mr\/?p=20391","title":{"rendered":"Forum d\u2019affaires germano-mauritanien: des \u00e9changes commerciaux modestes qu&#8217;il faut booster"},"content":{"rendered":"<p><span style=\"font-size: 16.0pt;\">La ministre du Commerce et du Tourisme, Zeinebou Mint Ahmednah, a inaugur\u00e9 mercredi \u00e0 Nouakchott le Forum d\u2019affaires germano-mauritanien, organis\u00e9 par la Chambre de commerce et d\u2019industrie arabo-allemande, en partenariat avec la Chambre de commerce, d\u2019industrie et d\u2019agriculture de Mauritanie et l\u2019Agence de promotion des investissements en Mauritanie (APIM).<\/span><\/p>\n<p data-start=\"571\" data-end=\"931\"><span style=\"font-size: 16.0pt;\">Ce forum s\u2019inscrit dans la dynamique de renforcement des \u00e9changes commerciaux, industriels et d\u2019investissement entre la Mauritanie et l\u2019Allemagne. Il vise \u00e9galement \u00e0 encourager l\u2019\u00e9mergence de nouveaux partenariats entre les op\u00e9rateurs \u00e9conomiques des deux pays.<\/span><\/p>\n<p><span style=\"font-size: 16.0pt;\">S\u2019agissant des \u00e9changes commerciaux, ils seraient encore modestes mais en progression et restent perfectibles. En 2024, le volume global des \u00e9changes bilat\u00e9raux serait estim\u00e9 \u00e0 environ <strong data-start=\"2195\" data-end=\"2219\">165 millions d\u2019euros<\/strong>, refl\u00e9tant un bon partenariat mais encore en de\u00e7\u00e0 de son potentiel. Les exportations mauritaniennes vers l\u2019Allemagne, domin\u00e9es par les minerais et autres mati\u00e8res premi\u00e8res, avoisinent <strong data-start=\"2408\" data-end=\"2439\">70 \u00e0 76 millions de dollars<\/strong>, tandis que les importations depuis l\u2019Allemagne \u2014 principalement compos\u00e9es de c\u00e9r\u00e9ales, de machines, de v\u00e9hicules et de produits industriels \u2014 sont \u00e9valu\u00e9es \u00e0 pr\u00e8s de <strong data-start=\"2607\" data-end=\"2633\">90 millions de dollars<\/strong>.<\/span><\/p>\n<p><span style=\"font-size: 16.0pt;\">Dans son allocution, la ministre a pr\u00e9sent\u00e9 la vision du gouvernement fond\u00e9e sur la diversification de l\u2019\u00e9conomie nationale et l\u2019intensification des \u00e9changes commerciaux internationaux. Elle a mis en avant les atouts structurels de la Mauritanie, notamment l\u2019abondance de ses ressources naturelles, sa position g\u00e9ographique strat\u00e9gique entre l\u2019Afrique du Nord et l\u2019Afrique subsaharienne, ainsi que ses opportunit\u00e9s dans des secteurs cl\u00e9s tels que les mines, l\u2019\u00e9nergie, l\u2019agriculture, la p\u00eache, les infrastructures, la logistique et les services.<\/span><\/p>\n<p data-start=\"1480\" data-end=\"1961\"><span style=\"font-size: 16.0pt;\">Mme Mint Ahmednah a soulign\u00e9 que la Mauritanie traverse une phase d\u00e9terminante de son d\u00e9veloppement, port\u00e9e par la volont\u00e9 politique du pr\u00e9sident de la R\u00e9publique, Mohamed Ould Cheikh El Ghazouani, et par les r\u00e9formes engag\u00e9es pour am\u00e9liorer le climat des affaires et stimuler l\u2019investissement priv\u00e9, national comme \u00e9tranger. Elle a \u00e9galement rappel\u00e9 l\u2019adoption d\u2019un cadre moderne d\u2019investissement offrant des incitations attractives, en particulier dans les secteurs prioritaires.<\/span><\/p>\n<p data-start=\"2636\" data-end=\"2921\"><span style=\"font-size: 16.0pt;\">Les responsables des organisations patronales mauritaniennes ont, pour leur part, insist\u00e9 sur le r\u00f4le central du secteur priv\u00e9 dans la croissance \u00e9conomique et sur la n\u00e9cessit\u00e9 de b\u00e2tir des partenariats durables fond\u00e9s sur la confiance, le transfert de comp\u00e9tences et l\u2019int\u00e9r\u00eat mutuel.<\/span><\/p>\n<p data-start=\"2923\" data-end=\"3379\"><span style=\"font-size: 16.0pt;\">M\u00eame sentiment chez les promoteurs allemands qui ont soulign\u00e9 l\u2019int\u00e9r\u00eat croissant des entreprises de leur pays pour le march\u00e9 mauritanien, notamment dans les domaines strat\u00e9giques de l\u2019\u00e9nergie, des infrastructures, de la logistique et de l\u2019industrie. <\/span><\/p>\n<p><span style=\"font-size: 16.0pt;\">Le forum veut exprimer la volont\u00e9 commune des deux pays de donner un nouvel \u00e9lan \u00e0 leur coop\u00e9ration \u00e9conomique, en exploitant les secteurs \u00e0 fort potentiel tels que les \u00e9nergies renouvelables, l\u2019hydrog\u00e8ne vert, la p\u00eache, l\u2019agriculture, la gestion de l\u2019eau et les technologies industrielles, afin de hisser les \u00e9changes bilat\u00e9raux \u00e0 un niveau plus conforme aux ambitions affich\u00e9es.<\/span><\/p>\n<p>(avec Ami)<\/p>\n","protected":false},"excerpt":{"rendered":"<p>La ministre du Commerce et du Tourisme, Zeinebou Mint Ahmednah, a inaugur\u00e9 mercredi \u00e0 Nouakchott le Forum d\u2019affaires germano-mauritanien, organis\u00e9 par la Chambre de commerce et d\u2019industrie arabo-allemande, en partenariat avec la Chambre de commerce, d\u2019industrie et d\u2019agriculture de Mauritanie et l\u2019Agence de promotion des investissements en Mauritanie (APIM). Ce forum s\u2019inscrit dans la dynamique &hellip;<\/p>\n","protected":false},"author":2,"featured_media":20392,"comment_status":"open","ping_status":"open","sticky":false,"template":"","format":"standard","meta":{"footnotes":""},"categories":[18,2],"tags":[],"class_list":["post-20391","post","type-post","status-publish","format-standard","has-post-thumbnail","hentry","category-actualites","category-economie"],"_links":{"self":[{"href":"https:\/\/ladepeche.mr\/index.php?rest_route=\/wp\/v2\/posts\/20391","targetHints":{"allow":["GET"]}}],"collection":[{"href":"https:\/\/ladepeche.mr\/index.php?rest_route=\/wp\/v2\/posts"}],"about":[{"href":"https:\/\/ladepeche.mr\/index.php?rest_route=\/wp\/v2\/types\/post"}],"author":[{"embeddable":true,"href":"https:\/\/ladepeche.mr\/index.php?rest_route=\/wp\/v2\/users\/2"}],"replies":[{"embeddable":true,"href":"https:\/\/ladepeche.mr\/index.php?rest_route=%2Fwp%2Fv2%2Fcomments&post=20391"}],"version-history":[{"count":1,"href":"https:\/\/ladepeche.mr\/index.php?rest_route=\/wp\/v2\/posts\/20391\/revisions"}],"predecessor-version":[{"id":20393,"href":"https:\/\/ladepeche.mr\/index.php?rest_route=\/wp\/v2\/posts\/20391\/revisions\/20393"}],"wp:featuredmedia":[{"embeddable":true,"href":"https:\/\/ladepeche.mr\/index.php?rest_route=\/wp\/v2\/media\/20392"}],"wp:attachment":[{"href":"https:\/\/ladepeche.mr\/index.php?rest_route=%2Fwp%2Fv2%2Fmedia&parent=20391"}],"wp:term":[{"taxonomy":"category","embeddable":true,"href":"https:\/\/ladepeche.mr\/index.php?rest_route=%2Fwp%2Fv2%2Fcategories&post=20391"},{"taxonomy":"post_tag","embeddable":true,"href":"https:\/\/ladepeche.mr\/index.php?rest_route=%2Fwp%2Fv2%2Ftags&post=20391"}],"curies":[{"name":"wp","href":"https:\/\/api.w.org\/{rel}","templated":true}]}}