{"id":20398,"date":"2026-02-06T09:00:51","date_gmt":"2026-02-06T09:00:51","guid":{"rendered":"https:\/\/ladepeche.mr\/?p=20398"},"modified":"2026-02-06T07:41:28","modified_gmt":"2026-02-06T07:41:28","slug":"le-ministre-des-affaires-economiques-sentretient-avec-le-dg-du-fonds-dabou-dhabi-pour-le-developpement-sur-le-renforcement-de-la-cooperation-au-developpement","status":"publish","type":"post","link":"https:\/\/ladepeche.mr\/?p=20398","title":{"rendered":"Le ministre des Affaires \u00e9conomiques s\u2019entretient avec le DG du Fonds d\u2019Abou Dhabi pour le d\u00e9veloppement sur le renforcement de la coop\u00e9ration au d\u00e9veloppement"},"content":{"rendered":"<p>Son Excellence le ministre des Affaires \u00e9conomiques et du D\u00e9veloppement, Dr. Abdallah Ould Souleymane Ould Cheikh Sidia, a tenu, jeudi, une s\u00e9ance de discussions avec M. Mohamed Saif Al Suwaidi, directeur g\u00e9n\u00e9ral du Fonds d\u2019Abou Dhabi pour le d\u00e9veloppement, en marge du Sommet mondial des gouvernements, tenu \u00e0 Duba\u00ef.<\/p>\n<p>Les entretiens ont port\u00e9 sur l\u2019examen du portefeuille des projets de d\u00e9veloppement financ\u00e9s par le Fonds en Mauritanie, ainsi que sur les voies et moyens de dynamiser l\u2019ex\u00e9cution des projets structurants susceptibles d\u2019avoir un impact direct et durable sur les conditions de vie des populations.<\/p>\n<p>\u00c0 cette occasion, le ministre a salu\u00e9 le r\u00f4le strat\u00e9gique du Fonds en tant que partenaire de premier plan dans l\u2019accompagnement de la vision de d\u00e9veloppement de Son Excellence le Pr\u00e9sident de la R\u00e9publique, Monsieur Mohamed Ould Cheikh El Ghazouani, mise en \u0153uvre par le Gouvernement du Premier ministre, M. Mokhtar Ould Djay, soulignant que ces interventions constituent un appui d\u00e9terminant aux efforts de d\u00e9veloppement national.<\/p>\n<p>Les discussions ont \u00e9galement port\u00e9 sur plusieurs secteurs prioritaires b\u00e9n\u00e9ficiant du soutien du Fonds, notamment les ressources hydrauliques, les \u00e9nergies renouvelables et le secteur de la p\u00eache.<\/p>\n<p>Pour sa part, M. Mohamed Saif Al Suwaidi a r\u00e9affirm\u00e9 l\u2019engagement constant du Fonds d\u2019Abou Dhabi pour le d\u00e9veloppement \u00e0 poursuivre son accompagnement des efforts de d\u00e9veloppement en Mauritanie, tout en exprimant sa disponibilit\u00e9 \u00e0 soutenir les politiques visant \u00e0 promouvoir une croissance \u00e9conomique durable et inclusive.<\/p>\n<p>La rencontre s\u2019est tenue en pr\u00e9sence du directeur g\u00e9n\u00e9ral des Financements et de la Coop\u00e9ration \u00e9conomique, M. Mohamed Salem Ould Nani.<br \/>\n(MAED)<\/p>\n","protected":false},"excerpt":{"rendered":"<p>Son Excellence le ministre des Affaires \u00e9conomiques et du D\u00e9veloppement, Dr. Abdallah Ould Souleymane Ould Cheikh Sidia, a tenu, jeudi, une s\u00e9ance de discussions avec M. Mohamed Saif Al Suwaidi, directeur g\u00e9n\u00e9ral du Fonds d\u2019Abou Dhabi pour le d\u00e9veloppement, en marge du Sommet mondial des gouvernements, tenu \u00e0 Duba\u00ef. Les entretiens ont port\u00e9 sur l\u2019examen &hellip;<\/p>\n","protected":false},"author":2,"featured_media":20399,"comment_status":"open","ping_status":"open","sticky":false,"template":"","format":"standard","meta":{"footnotes":""},"categories":[18,2],"tags":[],"class_list":["post-20398","post","type-post","status-publish","format-standard","has-post-thumbnail","hentry","category-actualites","category-economie"],"_links":{"self":[{"href":"https:\/\/ladepeche.mr\/index.php?rest_route=\/wp\/v2\/posts\/20398","targetHints":{"allow":["GET"]}}],"collection":[{"href":"https:\/\/ladepeche.mr\/index.php?rest_route=\/wp\/v2\/posts"}],"about":[{"href":"https:\/\/ladepeche.mr\/index.php?rest_route=\/wp\/v2\/types\/post"}],"author":[{"embeddable":true,"href":"https:\/\/ladepeche.mr\/index.php?rest_route=\/wp\/v2\/users\/2"}],"replies":[{"embeddable":true,"href":"https:\/\/ladepeche.mr\/index.php?rest_route=%2Fwp%2Fv2%2Fcomments&post=20398"}],"version-history":[{"count":1,"href":"https:\/\/ladepeche.mr\/index.php?rest_route=\/wp\/v2\/posts\/20398\/revisions"}],"predecessor-version":[{"id":20400,"href":"https:\/\/ladepeche.mr\/index.php?rest_route=\/wp\/v2\/posts\/20398\/revisions\/20400"}],"wp:featuredmedia":[{"embeddable":true,"href":"https:\/\/ladepeche.mr\/index.php?rest_route=\/wp\/v2\/media\/20399"}],"wp:attachment":[{"href":"https:\/\/ladepeche.mr\/index.php?rest_route=%2Fwp%2Fv2%2Fmedia&parent=20398"}],"wp:term":[{"taxonomy":"category","embeddable":true,"href":"https:\/\/ladepeche.mr\/index.php?rest_route=%2Fwp%2Fv2%2Fcategories&post=20398"},{"taxonomy":"post_tag","embeddable":true,"href":"https:\/\/ladepeche.mr\/index.php?rest_route=%2Fwp%2Fv2%2Ftags&post=20398"}],"curies":[{"name":"wp","href":"https:\/\/api.w.org\/{rel}","templated":true}]}}