{"id":20406,"date":"2026-02-06T11:00:33","date_gmt":"2026-02-06T11:00:33","guid":{"rendered":"https:\/\/ladepeche.mr\/?p=20406"},"modified":"2026-02-06T10:40:14","modified_gmt":"2026-02-06T10:40:14","slug":"usa-scepticisme-a-minneapolis-apres-le-retrait-de-700-agents-de-lice","status":"publish","type":"post","link":"https:\/\/ladepeche.mr\/?p=20406","title":{"rendered":"USA : scepticisme \u00e0 Minneapolis apr\u00e8s le retrait de 700 agents de l&#8217;ICE"},"content":{"rendered":"<p data-t=\"{&quot;n&quot;:&quot;blueLinks&quot;,&quot;t&quot;:13,&quot;a&quot;:&quot;click&quot;,&quot;b&quot;:76}\"><strong>Les habitants de Minneapolis aux \u00c9tats-Unis ont r\u00e9agi \u00e0 l\u2019annonce du retrait de 700 agents du Service de l\u2019immigration et des douanes am\u00e9ricain, ICE.<\/strong><\/p>\n<div class=\"article-image-slot image-slot-placeholder\" data-doc-id=\"cms\/api\/amp\/image\/AA1VJxXc\">\n<div class=\"article-image-slot\">\n<div class=\"article-image-container polished\" data-t=\"{&quot;n&quot;:&quot;OpenModal&quot;,&quot;t&quot;:13,&quot;b&quot;:8,&quot;c.i&quot;:&quot;AA1VJOAc&quot;,&quot;c.l&quot;:false,&quot;c.t&quot;:13,&quot;c.v&quot;:&quot;news&quot;,&quot;c.c&quot;:&quot;others&quot;,&quot;c.b&quot;:&quot;Euronews (Fran\u00e7ais)&quot;,&quot;c.bi&quot;:&quot;AA2qy7x&quot;,&quot;c.tv&quot;:&quot;politics&quot;,&quot;c.tc&quot;:&quot;government&quot;,&quot;c.hl&quot;:&quot;USA : scepticisme \u00e0 Minneapolis apr\u00e8s le retrait de 700 agents de l'ICE&quot;}\" data-test-id=\"AA1VJxXc\">\n<p data-t=\"{&quot;n&quot;:&quot;blueLinks&quot;,&quot;t&quot;:13,&quot;a&quot;:&quot;click&quot;,&quot;b&quot;:76}\"><strong>Les habitants de Minneapolis aux \u00c9tats-Unis ont r\u00e9agi \u00e0 l\u2019annonce du retrait de 700 agents du Service de l\u2019immigration et des douanes am\u00e9ricain, ICE.<\/strong>\u00a0Le pr\u00e9sident am\u00e9ricain Donald Trump a sugg\u00e9r\u00e9 mercredi qu&#8217;une\u00a0<em>\u00ab approche plus douce \u00bb<\/em> pourrait \u00eatre n\u00e9cessaire en mati\u00e8re d&#8217;immigration, toutefois l\u2019administration am\u00e9ricaine pr\u00e9cise que m\u00eame si ces agents f\u00e9d\u00e9raux seront retir\u00e9s du Minnesota, les expulsions massives ne cesseront pas.<\/p>\n<div class=\"intra-article-module\" data-t=\"{&quot;n&quot;:&quot;intraArticle&quot;,&quot;t&quot;:13}\">\n<div class=\"articlePageIntraArticleFullWidth ad-slot-placeholder left-image-intra-ad full-bleed-image-intra-ad\" data-ad-index=\"0\">\n<div class=\"intra-article-ad-full left-image-intra-ad full-bleed-image-intra-ad\">\n<div id=\"msn415ad5d3941146b4b5d9\" class=\"full-bleed-image-intra-ad\">\n<div class=\"content\">\n<div class=\"text\">\n<div class=\"ad-provider-and-sponsored-text-container\"><em>\u00ab Pour ma part, je trouve que tout ce que dit cette administration n&#8217;est que mensonges. Je trouve que tout ce qu&#8217;ils nous disent est discutable, et je suis sceptique. Cela se produit dans tout le pays, pas seulement \u00e0 Minneapolis. J&#8217;ai du mal \u00e0 croire qu&#8217;ils feront ce qu&#8217;ils disent qu&#8217;ils vont faire. Et cela n&#8217;a pas vraiment d&#8217;importance. L&#8217;ICE doit \u00eatre abolie. \u00bb,<\/em>\u00a0s&#8217;est confi\u00e9eAmber Isham, psychoth\u00e9rapeute.<\/div>\n<\/div>\n<\/div>\n<\/div>\n<\/div>\n<\/div>\n<\/div>\n<p data-t=\"{&quot;n&quot;:&quot;blueLinks&quot;,&quot;t&quot;:13,&quot;a&quot;:&quot;click&quot;,&quot;b&quot;:76}\"><em>\u00ab C&#8217;est clairement une bonne chose pour la r\u00e9duction, mais le nombre est inf\u00e9rieur \u00e0 un tiers des effectifs pr\u00e9sents ici. Et le nombre qui a \u00e9t\u00e9 r\u00e9duit reste sup\u00e9rieur \u00e0 ce que nous avons en termes de forces de police civile ici \u00e0 Minneapolis. Ce n&#8217;est donc pas une r\u00e9duction substantielle \u00e0 mon avis. Je suis donc d&#8217;accord avec tout ce que ma femme a dit. Mais oui, cela ressemble au mieux \u00e0 une annonce apaisante. \u00bb,<\/em> a ajout\u00e9 Jeffrey Isham, travaille dans le domaine des technologies.<\/p>\n<p data-t=\"{&quot;n&quot;:&quot;blueLinks&quot;,&quot;t&quot;:13,&quot;a&quot;:&quot;click&quot;,&quot;b&quot;:76}\">La mort par balle de deux manifestants par des agents f\u00e9d\u00e9raux \u00e0 Minneapolis le mois dernier a suscit\u00e9 une vague d&#8217;indignation aux \u00c9tats-Unis et des appels \u00e0 la fin des rafles d&#8217;immigrants dans cette ville du Midwest.<\/p>\n<p data-t=\"{&quot;n&quot;:&quot;blueLinks&quot;,&quot;t&quot;:13,&quot;a&quot;:&quot;click&quot;,&quot;b&quot;:76}\"><strong>Parall\u00e8lement \u00e0 l\u2019annonce de retrait, le responsable des fronti\u00e8res du pr\u00e9sident Trump, Tom Homan a \u00e9galement d\u00e9clar\u00e9 que le d\u00e9ploiement controvers\u00e9 se poursuivrait, avec environ 2 000 agents restant sur place apr\u00e8s le retrait.<\/strong><\/p>\n<p data-t=\"{&quot;n&quot;:&quot;blueLinks&quot;,&quot;t&quot;:13,&quot;a&quot;:&quot;click&quot;,&quot;b&quot;:76}\"><em>\u00ab Leur travail est cens\u00e9 nous rendre plus s\u00fbrs. Ils rendent tout dangereux. Leur travail semble \u00eatre d&#8217;instiller la peur. \u00bb,<\/em>\u00a0a dit Vickie Matthias Hagen , r\u00e9sidente de la r\u00e9gion de Minneapolis.<\/p>\n<p data-t=\"{&quot;n&quot;:&quot;blueLinks&quot;,&quot;t&quot;:13,&quot;a&quot;:&quot;click&quot;,&quot;b&quot;:76}\"><strong>Le maire de Minneapolis et le gouverneur du Minnesota, tous deux d\u00e9mocrates, ont qualifi\u00e9 l&#8217;annonce du retrait de la ville de\u00a0<em>\u00ab pas dans la bonne direction \u00bb,<\/em>\u00a0mais ont appel\u00e9 le gouvernement f\u00e9d\u00e9ral \u00e0 acc\u00e9l\u00e9rer le rythme de la r\u00e9duction de ses op\u00e9rations d&#8217;immigration dans l&#8217;\u00c9tat.<\/strong><\/p>\n<p data-t=\"{&quot;n&quot;:&quot;blueLinks&quot;,&quot;t&quot;:13,&quot;a&quot;:&quot;click&quot;,&quot;b&quot;:76}\"><a href=\"https:\/\/www.msn.com\/fr-xl\/actualite\/other\/usa-scepticisme-%C3%A0-minneapolis-apr%C3%A8s-le-retrait-de-700-agents-de-l-ice\/ar-AA1VJOAc?ocid=msedgdhp&amp;pc=U531&amp;cvid=6985b3c788c7460d8e01eec62ec57540&amp;ei=82\">USA : scepticisme \u00e0 Minneapolis apr\u00e8s le retrait de 700 agents de l&#8217;ICE<\/a><\/p>\n<\/div>\n<\/div>\n<\/div>\n","protected":false},"excerpt":{"rendered":"<p>Les habitants de Minneapolis aux \u00c9tats-Unis ont r\u00e9agi \u00e0 l\u2019annonce du retrait de 700 agents du Service de l\u2019immigration et des douanes am\u00e9ricain, ICE. Les habitants de Minneapolis aux \u00c9tats-Unis ont r\u00e9agi \u00e0 l\u2019annonce du retrait de 700 agents du Service de l\u2019immigration et des douanes am\u00e9ricain, ICE.\u00a0Le pr\u00e9sident am\u00e9ricain Donald Trump a sugg\u00e9r\u00e9 mercredi &hellip;<\/p>\n","protected":false},"author":2,"featured_media":20407,"comment_status":"open","ping_status":"open","sticky":false,"template":"","format":"standard","meta":{"footnotes":""},"categories":[18,29],"tags":[],"class_list":["post-20406","post","type-post","status-publish","format-standard","has-post-thumbnail","hentry","category-actualites","category-monde"],"_links":{"self":[{"href":"https:\/\/ladepeche.mr\/index.php?rest_route=\/wp\/v2\/posts\/20406","targetHints":{"allow":["GET"]}}],"collection":[{"href":"https:\/\/ladepeche.mr\/index.php?rest_route=\/wp\/v2\/posts"}],"about":[{"href":"https:\/\/ladepeche.mr\/index.php?rest_route=\/wp\/v2\/types\/post"}],"author":[{"embeddable":true,"href":"https:\/\/ladepeche.mr\/index.php?rest_route=\/wp\/v2\/users\/2"}],"replies":[{"embeddable":true,"href":"https:\/\/ladepeche.mr\/index.php?rest_route=%2Fwp%2Fv2%2Fcomments&post=20406"}],"version-history":[{"count":1,"href":"https:\/\/ladepeche.mr\/index.php?rest_route=\/wp\/v2\/posts\/20406\/revisions"}],"predecessor-version":[{"id":20408,"href":"https:\/\/ladepeche.mr\/index.php?rest_route=\/wp\/v2\/posts\/20406\/revisions\/20408"}],"wp:featuredmedia":[{"embeddable":true,"href":"https:\/\/ladepeche.mr\/index.php?rest_route=\/wp\/v2\/media\/20407"}],"wp:attachment":[{"href":"https:\/\/ladepeche.mr\/index.php?rest_route=%2Fwp%2Fv2%2Fmedia&parent=20406"}],"wp:term":[{"taxonomy":"category","embeddable":true,"href":"https:\/\/ladepeche.mr\/index.php?rest_route=%2Fwp%2Fv2%2Fcategories&post=20406"},{"taxonomy":"post_tag","embeddable":true,"href":"https:\/\/ladepeche.mr\/index.php?rest_route=%2Fwp%2Fv2%2Ftags&post=20406"}],"curies":[{"name":"wp","href":"https:\/\/api.w.org\/{rel}","templated":true}]}}