{"id":20409,"date":"2026-02-06T10:51:21","date_gmt":"2026-02-06T10:51:21","guid":{"rendered":"https:\/\/ladepeche.mr\/?p=20409"},"modified":"2026-02-06T10:51:21","modified_gmt":"2026-02-06T10:51:21","slug":"justice-le-torchon-brule-entre-le-ministre-et-le-club-des-magistrats","status":"publish","type":"post","link":"https:\/\/ladepeche.mr\/?p=20409","title":{"rendered":"Justice : le torchon br\u00fble entre le ministre et le Club des magistrats"},"content":{"rendered":"<p>Le Club des magistrats mauritaniens a d\u00e9nonc\u00e9 l\u2019utilisation par le ministre de la Justice, Mohamed Ould Soueidatt, de l\u2019Inspection g\u00e9n\u00e9rale de l\u2019administration judiciaire et p\u00e9nitentiaire dans un \u00ab contexte de menace et d\u2019intimidation \u00bb, y voyant une atteinte \u00e0 l\u2019ind\u00e9pendance du pouvoir judiciaire.<\/p>\n<p>Dans un communiqu\u00e9, l\u2019association professionnelle a appel\u00e9 le pr\u00e9sident Mohamed Ould Ghazouani, en sa qualit\u00e9 de garant de l\u2019ind\u00e9pendance de la Justice, \u00e0 intervenir pour mettre fin \u00e0 ces pratiques et pr\u00e9server les acquis du processus de r\u00e9forme judiciaire.<\/p>\n<p>Le Club a affirm\u00e9 que les pressions exerc\u00e9es ne l\u2019emp\u00eacheront pas de d\u00e9fendre l\u2019ind\u00e9pendance de la magistrature par les moyens l\u00e9gaux, r\u00e9clamant le d\u00e9tachement de l\u2019Inspection g\u00e9n\u00e9rale de la tutelle du minist\u00e8re de la Justice.<\/p>\n<p>L\u2019Inspection aurait rejet\u00e9 toute accusation de ciblage des magistrats et se serait dite d\u00e9termin\u00e9e \u00e0 exercer l\u2019ensemble de ses pr\u00e9rogatives l\u00e9gales.<\/p>\n<p>(avec m\u00e9dias)<\/p>\n","protected":false},"excerpt":{"rendered":"<p>Le Club des magistrats mauritaniens a d\u00e9nonc\u00e9 l\u2019utilisation par le ministre de la Justice, Mohamed Ould Soueidatt, de l\u2019Inspection g\u00e9n\u00e9rale de l\u2019administration judiciaire et p\u00e9nitentiaire dans un \u00ab contexte de menace et d\u2019intimidation \u00bb, y voyant une atteinte \u00e0 l\u2019ind\u00e9pendance du pouvoir judiciaire. Dans un communiqu\u00e9, l\u2019association professionnelle a appel\u00e9 le pr\u00e9sident Mohamed Ould Ghazouani, &hellip;<\/p>\n","protected":false},"author":2,"featured_media":20411,"comment_status":"open","ping_status":"open","sticky":false,"template":"","format":"standard","meta":{"footnotes":""},"categories":[18,31],"tags":[],"class_list":["post-20409","post","type-post","status-publish","format-standard","has-post-thumbnail","hentry","category-actualites","category-politique-et-reportages"],"_links":{"self":[{"href":"https:\/\/ladepeche.mr\/index.php?rest_route=\/wp\/v2\/posts\/20409","targetHints":{"allow":["GET"]}}],"collection":[{"href":"https:\/\/ladepeche.mr\/index.php?rest_route=\/wp\/v2\/posts"}],"about":[{"href":"https:\/\/ladepeche.mr\/index.php?rest_route=\/wp\/v2\/types\/post"}],"author":[{"embeddable":true,"href":"https:\/\/ladepeche.mr\/index.php?rest_route=\/wp\/v2\/users\/2"}],"replies":[{"embeddable":true,"href":"https:\/\/ladepeche.mr\/index.php?rest_route=%2Fwp%2Fv2%2Fcomments&post=20409"}],"version-history":[{"count":1,"href":"https:\/\/ladepeche.mr\/index.php?rest_route=\/wp\/v2\/posts\/20409\/revisions"}],"predecessor-version":[{"id":20412,"href":"https:\/\/ladepeche.mr\/index.php?rest_route=\/wp\/v2\/posts\/20409\/revisions\/20412"}],"wp:featuredmedia":[{"embeddable":true,"href":"https:\/\/ladepeche.mr\/index.php?rest_route=\/wp\/v2\/media\/20411"}],"wp:attachment":[{"href":"https:\/\/ladepeche.mr\/index.php?rest_route=%2Fwp%2Fv2%2Fmedia&parent=20409"}],"wp:term":[{"taxonomy":"category","embeddable":true,"href":"https:\/\/ladepeche.mr\/index.php?rest_route=%2Fwp%2Fv2%2Fcategories&post=20409"},{"taxonomy":"post_tag","embeddable":true,"href":"https:\/\/ladepeche.mr\/index.php?rest_route=%2Fwp%2Fv2%2Ftags&post=20409"}],"curies":[{"name":"wp","href":"https:\/\/api.w.org\/{rel}","templated":true}]}}