{"id":20413,"date":"2026-02-06T11:30:39","date_gmt":"2026-02-06T11:30:39","guid":{"rendered":"https:\/\/ladepeche.mr\/?p=20413"},"modified":"2026-02-06T10:59:31","modified_gmt":"2026-02-06T10:59:31","slug":"nigeria-lonu-et-lunion-africaine-condamnent-une-attaque-terroriste-ayant-fait-au-moins-170-morts","status":"publish","type":"post","link":"https:\/\/ladepeche.mr\/?p=20413","title":{"rendered":"Nigeria : l\u2019ONU et l\u2019Union africaine condamnent une attaque terroriste ayant fait au moins 170 morts"},"content":{"rendered":"<h4>La T\u00fcrkiye, l\u2019Allemagne et le B\u00e9nin d\u00e9noncent \u00e9galement l\u2019attaque dans l\u2019\u00c9tat de Kwara.<\/h4>\n<p class=\"selectionShareable\">L\u2019Organisation des Nations unies (ONU), l\u2019Union africaine (UA) ainsi que plusieurs pays, dont la T\u00fcrkiye, l\u2019Allemagne et le B\u00e9nin, ont pr\u00e9sent\u00e9 jeudi leurs condol\u00e9ances et condamn\u00e9 une attaque terroriste perp\u00e9tr\u00e9e dans l\u2019ouest du Nigeria, ayant co\u00fbt\u00e9 la vie \u00e0 au moins 170 personnes.<\/p>\n<p class=\"selectionShareable\">Le secr\u00e9taire g\u00e9n\u00e9ral de l\u2019ONU, Antonio Guterres, a d\u00e9nonc\u00e9 cette attaque survenue dans l\u2019\u00c9tat de Kwara, adressant ses condol\u00e9ances aux familles des victimes ainsi qu\u2019au gouvernement nig\u00e9rian, tout en souhaitant un prompt r\u00e9tablissement aux bless\u00e9s.<\/p>\n<p class=\"selectionShareable\">Antonio Guterres a r\u00e9affirm\u00e9 la solidarit\u00e9 des Nations unies avec Abuja dans sa lutte contre le terrorisme et l\u2019extr\u00e9misme violent, soulignant l\u2019importance de traduire les auteurs de ces actes en justice.<\/p>\n<p class=\"selectionShareable\">De son c\u00f4t\u00e9, le minist\u00e8re turc des Affaires \u00e9trang\u00e8res a pr\u00e9sent\u00e9 ses condol\u00e9ances, r\u00e9affirmant la solidarit\u00e9 de la T\u00fcrkiye et pr\u00e9cisant qu\u2019Ankara \u00ab continuera de soutenir le Nigeria dans sa lutte contre le terrorisme \u00bb.<\/p>\n<p class=\"selectionShareable\">\u00ab Nous sommes profond\u00e9ment attrist\u00e9s par la perte de vies humaines caus\u00e9e par l\u2019attaque terroriste survenue dans l\u2019\u00c9tat de Kwara, au Nigeria \u00bb, a indiqu\u00e9 le minist\u00e8re dans un message publi\u00e9 sur la plateforme X de la soci\u00e9t\u00e9 am\u00e9ricaine de r\u00e9seaux sociaux.<\/p>\n<p class=\"selectionShareable\">L\u2019Allemagne a \u00e9galement condamn\u00e9 l\u2019attaque et assur\u00e9 du soutien de Berlin \u00e0 la s\u00e9curit\u00e9 et \u00e0 la stabilit\u00e9 du Nigeria.<\/p>\n<p class=\"selectionShareable\">\u00ab Nos pens\u00e9es vont aux proches des victimes ainsi qu\u2019aux survivants \u00bb, a \u00e9crit le minist\u00e8re allemand des Affaires \u00e9trang\u00e8res sur X.<\/p>\n<p class=\"selectionShareable\">Le B\u00e9nin a, pour sa part, exprim\u00e9 ses \u00ab condol\u00e9ances les plus sinc\u00e8res \u00bb aux familles des victimes, au peuple nig\u00e9rian et au gouvernement.<\/p>\n<p class=\"selectionShareable\">Il a en outre r\u00e9it\u00e9r\u00e9 sa solidarit\u00e9 avec Abuja dans la lutte contre le terrorisme et l\u2019extr\u00e9misme violent, soulignant l\u2019importance de pr\u00e9server la paix et la stabilit\u00e9 dans la r\u00e9gion.<\/p>\n<p class=\"selectionShareable\">Le pr\u00e9sident de la Commission de l\u2019Union africaine, Mahmoud Ali Youssouf, a qualifi\u00e9 l\u2019attaque d\u2019\u00ab acte odieux et barbare \u00bb, la d\u00e9crivant comme une grave violation des droits humains et une atteinte \u00ab inacceptable \u00bb \u00e0 la paix et \u00e0 la s\u00e9curit\u00e9, selon un communiqu\u00e9 publi\u00e9 mercredi.<\/p>\n<p class=\"selectionShareable\">Mahmoud Ali Youssouf a pr\u00e9sent\u00e9 ses condol\u00e9ances aux familles des victimes et exprim\u00e9 sa \u00ab pleine solidarit\u00e9 \u00bb avec le gouvernement nig\u00e9rian ainsi qu\u2019avec les autorit\u00e9s de l\u2019\u00c9tat de Kwara.<\/p>\n<p class=\"selectionShareable\">L\u2019Union africaine a, par ailleurs, r\u00e9affirm\u00e9 son engagement \u00e0 soutenir les efforts du Nigeria visant \u00e0 renforcer la paix, la s\u00e9curit\u00e9 et la stabilit\u00e9 sur l\u2019ensemble du territoire national.<\/p>\n<p class=\"selectionShareable\">Mardi, des groupes arm\u00e9s ont attaqu\u00e9 deux villages dans l\u2019\u00c9tat de Kwara, faisant au moins 170 morts.<\/p>\n<p class=\"selectionShareable\">Selon plusieurs t\u00e9moignages, de nombreuses victimes ont \u00e9t\u00e9 abattues \u00e0 bout portant, tandis que des habitations et des commerces ont \u00e9t\u00e9 incendi\u00e9s, contraignant les habitants \u00e0 fuir vers des zones bois\u00e9es voisines.<\/p>\n<p class=\"selectionShareable\">Le gouvernement de l\u2019\u00c9tat de Kwara a confirm\u00e9 mercredi que 75 victimes avaient \u00e9t\u00e9 enterr\u00e9es dans une fosse commune. Toutefois, un d\u00e9put\u00e9 local, Saidu Baba Ahmed, a indiqu\u00e9 jeudi \u00e0 Anadolu que 170 corps avaient \u00e9t\u00e9 retrouv\u00e9s, pr\u00e9cisant que le bilan pourrait encore s\u2019alourdir.<\/p>\n<p class=\"selectionShareable\">\u00ab Les informations dont je dispose indiquent que le nombre de victimes est pass\u00e9 \u00e0 170. Nos populations sont toujours dans la brousse \u00e0 la recherche d\u2019autres corps. Trente-cinq femmes ont \u00e9t\u00e9 enlev\u00e9es. Les survivants se sont \u00e9galement r\u00e9fugi\u00e9s dans la brousse \u00bb, a-t-il d\u00e9clar\u00e9.<\/p>\n<p class=\"selectionShareable\">Ces derniers mois, l\u2019\u00c9tat de Kwara, en particulier les communaut\u00e9s situ\u00e9es \u00e0 proximit\u00e9 des zones foresti\u00e8res, fait face \u00e0 une recrudescence des d\u00e9fis s\u00e9curitaires, li\u00e9s notamment au banditisme, aux enl\u00e8vements et aux d\u00e9placements de groupes arm\u00e9s fuyant la pression militaire exerc\u00e9e dans les \u00c9tats voisins du nord-ouest et du centre-nord du pays.<\/p>\n<p>aa.com.tr<\/p>\n","protected":false},"excerpt":{"rendered":"<p>La T\u00fcrkiye, l\u2019Allemagne et le B\u00e9nin d\u00e9noncent \u00e9galement l\u2019attaque dans l\u2019\u00c9tat de Kwara. L\u2019Organisation des Nations unies (ONU), l\u2019Union africaine (UA) ainsi que plusieurs pays, dont la T\u00fcrkiye, l\u2019Allemagne et le B\u00e9nin, ont pr\u00e9sent\u00e9 jeudi leurs condol\u00e9ances et condamn\u00e9 une attaque terroriste perp\u00e9tr\u00e9e dans l\u2019ouest du Nigeria, ayant co\u00fbt\u00e9 la vie \u00e0 au moins 170 &hellip;<\/p>\n","protected":false},"author":2,"featured_media":20414,"comment_status":"open","ping_status":"open","sticky":false,"template":"","format":"standard","meta":{"footnotes":""},"categories":[18,29],"tags":[],"class_list":["post-20413","post","type-post","status-publish","format-standard","has-post-thumbnail","hentry","category-actualites","category-monde"],"_links":{"self":[{"href":"https:\/\/ladepeche.mr\/index.php?rest_route=\/wp\/v2\/posts\/20413","targetHints":{"allow":["GET"]}}],"collection":[{"href":"https:\/\/ladepeche.mr\/index.php?rest_route=\/wp\/v2\/posts"}],"about":[{"href":"https:\/\/ladepeche.mr\/index.php?rest_route=\/wp\/v2\/types\/post"}],"author":[{"embeddable":true,"href":"https:\/\/ladepeche.mr\/index.php?rest_route=\/wp\/v2\/users\/2"}],"replies":[{"embeddable":true,"href":"https:\/\/ladepeche.mr\/index.php?rest_route=%2Fwp%2Fv2%2Fcomments&post=20413"}],"version-history":[{"count":1,"href":"https:\/\/ladepeche.mr\/index.php?rest_route=\/wp\/v2\/posts\/20413\/revisions"}],"predecessor-version":[{"id":20415,"href":"https:\/\/ladepeche.mr\/index.php?rest_route=\/wp\/v2\/posts\/20413\/revisions\/20415"}],"wp:featuredmedia":[{"embeddable":true,"href":"https:\/\/ladepeche.mr\/index.php?rest_route=\/wp\/v2\/media\/20414"}],"wp:attachment":[{"href":"https:\/\/ladepeche.mr\/index.php?rest_route=%2Fwp%2Fv2%2Fmedia&parent=20413"}],"wp:term":[{"taxonomy":"category","embeddable":true,"href":"https:\/\/ladepeche.mr\/index.php?rest_route=%2Fwp%2Fv2%2Fcategories&post=20413"},{"taxonomy":"post_tag","embeddable":true,"href":"https:\/\/ladepeche.mr\/index.php?rest_route=%2Fwp%2Fv2%2Ftags&post=20413"}],"curies":[{"name":"wp","href":"https:\/\/api.w.org\/{rel}","templated":true}]}}