{"id":20416,"date":"2026-02-06T12:30:27","date_gmt":"2026-02-06T12:30:27","guid":{"rendered":"https:\/\/ladepeche.mr\/?p=20416"},"modified":"2026-02-06T11:02:22","modified_gmt":"2026-02-06T11:02:22","slug":"les-etats-unis-et-liran-entament-des-negociations-a-oman-sur-le-dossier-nucleaire","status":"publish","type":"post","link":"https:\/\/ladepeche.mr\/?p=20416","title":{"rendered":"Les \u00c9tats-Unis et l\u2019Iran entament des n\u00e9gociations \u00e0 Oman sur le dossier nucl\u00e9aire"},"content":{"rendered":"<h4>Des discussions indirectes, sous m\u00e9diation omanaise, ont d\u00e9but\u00e9 dans la capitale Mascate.<\/h4>\n<p class=\"selectionShareable\">Des d\u00e9l\u00e9gations am\u00e9ricaine et iranienne ont entam\u00e9 vendredi des discussions indirectes sous m\u00e9diation omanaise, ax\u00e9es sur la question nucl\u00e9aire, d\u2019apr\u00e8s les m\u00e9dias officiels de T\u00e9h\u00e9ran.<\/p>\n<p class=\"selectionShareable\">La rencontre se tient dans la capitale omanaise, Mascate.<\/p>\n<p class=\"selectionShareable\">Ces discussions interviennent dans un contexte de tensions croissantes entre Washington et T\u00e9h\u00e9ran, aliment\u00e9es par un renforcement militaire am\u00e9ricain dans le golfe Persique et par des menaces r\u00e9p\u00e9t\u00e9es d\u2019action militaire prof\u00e9r\u00e9es par le pr\u00e9sident am\u00e9ricain Donald Trump.<\/p>\n<p class=\"selectionShareable\">L\u2019Iran est repr\u00e9sent\u00e9 par une d\u00e9l\u00e9gation conduite par le ministre des Affaires \u00e9trang\u00e8res Abbas Araghchi. Selon l\u2019agence IRNA, il est accompagn\u00e9 de Majid Takht-Ravanchi, vice-ministre des Affaires \u00e9trang\u00e8res charg\u00e9 des affaires politiques, d\u2019Esmaeil Baghaei, porte-parole du minist\u00e8re, de Hamid Ghanbari, vice-ministre charg\u00e9 des affaires \u00e9conomiques, ainsi que d\u2019autres diplomates iraniens.<\/p>\n<p class=\"selectionShareable\">C\u00f4t\u00e9 am\u00e9ricain, selon des responsables am\u00e9ricains, Steve Witkoff, envoy\u00e9 sp\u00e9cial du pr\u00e9sident des \u00c9tats-Unis pour le Moyen-Orient, et Jared Kushner, gendre de Donald Trump et conseiller officieux, repr\u00e9sentent les \u00c9tats-Unis lors de ces discussions.<\/p>\n<p>aa.com.tr<\/p>\n","protected":false},"excerpt":{"rendered":"<p>Des discussions indirectes, sous m\u00e9diation omanaise, ont d\u00e9but\u00e9 dans la capitale Mascate. Des d\u00e9l\u00e9gations am\u00e9ricaine et iranienne ont entam\u00e9 vendredi des discussions indirectes sous m\u00e9diation omanaise, ax\u00e9es sur la question nucl\u00e9aire, d\u2019apr\u00e8s les m\u00e9dias officiels de T\u00e9h\u00e9ran. La rencontre se tient dans la capitale omanaise, Mascate. Ces discussions interviennent dans un contexte de tensions croissantes &hellip;<\/p>\n","protected":false},"author":2,"featured_media":20417,"comment_status":"open","ping_status":"open","sticky":false,"template":"","format":"standard","meta":{"footnotes":""},"categories":[18,29],"tags":[],"class_list":["post-20416","post","type-post","status-publish","format-standard","has-post-thumbnail","hentry","category-actualites","category-monde"],"_links":{"self":[{"href":"https:\/\/ladepeche.mr\/index.php?rest_route=\/wp\/v2\/posts\/20416","targetHints":{"allow":["GET"]}}],"collection":[{"href":"https:\/\/ladepeche.mr\/index.php?rest_route=\/wp\/v2\/posts"}],"about":[{"href":"https:\/\/ladepeche.mr\/index.php?rest_route=\/wp\/v2\/types\/post"}],"author":[{"embeddable":true,"href":"https:\/\/ladepeche.mr\/index.php?rest_route=\/wp\/v2\/users\/2"}],"replies":[{"embeddable":true,"href":"https:\/\/ladepeche.mr\/index.php?rest_route=%2Fwp%2Fv2%2Fcomments&post=20416"}],"version-history":[{"count":1,"href":"https:\/\/ladepeche.mr\/index.php?rest_route=\/wp\/v2\/posts\/20416\/revisions"}],"predecessor-version":[{"id":20418,"href":"https:\/\/ladepeche.mr\/index.php?rest_route=\/wp\/v2\/posts\/20416\/revisions\/20418"}],"wp:featuredmedia":[{"embeddable":true,"href":"https:\/\/ladepeche.mr\/index.php?rest_route=\/wp\/v2\/media\/20417"}],"wp:attachment":[{"href":"https:\/\/ladepeche.mr\/index.php?rest_route=%2Fwp%2Fv2%2Fmedia&parent=20416"}],"wp:term":[{"taxonomy":"category","embeddable":true,"href":"https:\/\/ladepeche.mr\/index.php?rest_route=%2Fwp%2Fv2%2Fcategories&post=20416"},{"taxonomy":"post_tag","embeddable":true,"href":"https:\/\/ladepeche.mr\/index.php?rest_route=%2Fwp%2Fv2%2Ftags&post=20416"}],"curies":[{"name":"wp","href":"https:\/\/api.w.org\/{rel}","templated":true}]}}