{"id":20424,"date":"2026-02-06T17:42:37","date_gmt":"2026-02-06T17:42:37","guid":{"rendered":"https:\/\/ladepeche.mr\/?p=20424"},"modified":"2026-02-06T17:42:37","modified_gmt":"2026-02-06T17:42:37","slug":"le-ministre-des-affaires-economiques-lance-depuis-dubai-l-indice-arabe-de-la-securite-alimentaire","status":"publish","type":"post","link":"https:\/\/ladepeche.mr\/?p=20424","title":{"rendered":"Le ministre des Affaires \u00e9conomiques lance depuis Duba\u00ef l\u2019\u00ab Indice arabe de la s\u00e9curit\u00e9 alimentaire"},"content":{"rendered":"<p>Son Excellence M. Abdallah Ould Souleymane Ould Cheikh Sidia, ministre des Affaires \u00e9conomiques et du D\u00e9veloppement et pr\u00e9sident du Conseil des actionnaires de l\u2019Organisation arabe pour l\u2019investissement et le d\u00e9veloppement agricole, a donn\u00e9 le coup d&#8217;envoi officiel, depuis Duba\u00ef, de l\u2019\u00ab Indice arabe de la s\u00e9curit\u00e9 alimentaire \u00bb.<\/p>\n<p>Ce lancement intervient dans le cadre des travaux de la conf\u00e9rence intitul\u00e9e \u00ab Initiatives pour la r\u00e9alisation de la s\u00e9curit\u00e9 alimentaire dans le monde arabe \u00bb, tenue \u00e0 Duba\u00ef les 4 et 5 f\u00e9vrier courant.<\/p>\n<p>L&#8217;indice en question, repr\u00e9sentant le tout dernier outil technique d\u2019\u00e9valuation con\u00e7u par l\u2019Organisation arabe pour l\u2019investissement et le d\u00e9veloppement agricole, consacre une \u00e9volution qualitative dans l\u2019approche de gestion des enjeux alimentaires dans l\u2019espace arabe. Il ambitionne d\u2019appr\u00e9cier de mani\u00e8re rigoureuse les performances des \u00c9tats de la r\u00e9gion et de contribuer \u00e0 leur am\u00e9lioration progressive dans ce domaine vital.<\/p>\n<p>L\u2019int\u00e9r\u00eat majeur de cette d\u00e9marche r\u00e9side dans la constitution d\u2019une base de donn\u00e9es fiable et objective, destin\u00e9e \u00e0 \u00e9clairer les d\u00e9cideurs publics et les investisseurs, \u00e0 \u00e9valuer l\u2019efficacit\u00e9 des cha\u00eenes d\u2019approvisionnement et \u00e0 identifier avec pr\u00e9cision les facteurs de performance et de vuln\u00e9rabilit\u00e9, facilitant ainsi l\u2019\u00e9laboration de politiques et de strat\u00e9gies d\u2019investissement adapt\u00e9es \u00e0 chaque contexte national.<\/p>\n<p>Cette initiative s\u2019inscrit dans le cadre des efforts soutenus de l\u2019Organisation visant \u00e0 promouvoir l\u2019investissement agricole comme pilier fondamental de l\u2019autosuffisance alimentaire, au b\u00e9n\u00e9fice de pr\u00e8s de 500 millions de citoyens arabes, et \u00e0 r\u00e9duire la d\u00e9pendance aux importations ext\u00e9rieures, dans un contexte r\u00e9gional et international marqu\u00e9 par des d\u00e9fis climatiques et g\u00e9opolitiques persistants.<br \/>\nMAED<\/p>\n","protected":false},"excerpt":{"rendered":"<p>Son Excellence M. Abdallah Ould Souleymane Ould Cheikh Sidia, ministre des Affaires \u00e9conomiques et du D\u00e9veloppement et pr\u00e9sident du Conseil des actionnaires de l\u2019Organisation arabe pour l\u2019investissement et le d\u00e9veloppement agricole, a donn\u00e9 le coup d&#8217;envoi officiel, depuis Duba\u00ef, de l\u2019\u00ab Indice arabe de la s\u00e9curit\u00e9 alimentaire \u00bb. Ce lancement intervient dans le cadre des &hellip;<\/p>\n","protected":false},"author":2,"featured_media":20426,"comment_status":"open","ping_status":"open","sticky":false,"template":"","format":"standard","meta":{"footnotes":""},"categories":[18,29],"tags":[],"class_list":["post-20424","post","type-post","status-publish","format-standard","has-post-thumbnail","hentry","category-actualites","category-monde"],"_links":{"self":[{"href":"https:\/\/ladepeche.mr\/index.php?rest_route=\/wp\/v2\/posts\/20424","targetHints":{"allow":["GET"]}}],"collection":[{"href":"https:\/\/ladepeche.mr\/index.php?rest_route=\/wp\/v2\/posts"}],"about":[{"href":"https:\/\/ladepeche.mr\/index.php?rest_route=\/wp\/v2\/types\/post"}],"author":[{"embeddable":true,"href":"https:\/\/ladepeche.mr\/index.php?rest_route=\/wp\/v2\/users\/2"}],"replies":[{"embeddable":true,"href":"https:\/\/ladepeche.mr\/index.php?rest_route=%2Fwp%2Fv2%2Fcomments&post=20424"}],"version-history":[{"count":1,"href":"https:\/\/ladepeche.mr\/index.php?rest_route=\/wp\/v2\/posts\/20424\/revisions"}],"predecessor-version":[{"id":20425,"href":"https:\/\/ladepeche.mr\/index.php?rest_route=\/wp\/v2\/posts\/20424\/revisions\/20425"}],"wp:featuredmedia":[{"embeddable":true,"href":"https:\/\/ladepeche.mr\/index.php?rest_route=\/wp\/v2\/media\/20426"}],"wp:attachment":[{"href":"https:\/\/ladepeche.mr\/index.php?rest_route=%2Fwp%2Fv2%2Fmedia&parent=20424"}],"wp:term":[{"taxonomy":"category","embeddable":true,"href":"https:\/\/ladepeche.mr\/index.php?rest_route=%2Fwp%2Fv2%2Fcategories&post=20424"},{"taxonomy":"post_tag","embeddable":true,"href":"https:\/\/ladepeche.mr\/index.php?rest_route=%2Fwp%2Fv2%2Ftags&post=20424"}],"curies":[{"name":"wp","href":"https:\/\/api.w.org\/{rel}","templated":true}]}}