{"id":20427,"date":"2026-02-06T23:12:06","date_gmt":"2026-02-06T23:12:06","guid":{"rendered":"https:\/\/ladepeche.mr\/?p=20427"},"modified":"2026-02-06T23:12:06","modified_gmt":"2026-02-06T23:12:06","slug":"suisse-vingt-cinq-avocats-saisissent-la-cpi-contre-le-ministre-suisse-des-ae-pour-complicite-a-gaza","status":"publish","type":"post","link":"https:\/\/ladepeche.mr\/?p=20427","title":{"rendered":"Suisse: Vingt-cinq avocats saisissent la CPI contre le ministre suisse des AE pour complicit\u00e9 \u00e0 Gaza"},"content":{"rendered":"<h1 style=\"text-align: left;\"><span style=\"font-size: 20px;\">Le procureur de la Cour p\u00e9nale internationale a \u00e9t\u00e9 saisi contre le ministre suisse des Affaires \u00e9trang\u00e8res Ignazio Cassis pour complicit\u00e9 pr\u00e9sum\u00e9e dans les crimes commis \u00e0 Gaza.<\/span><\/h1>\n<p class=\"selectionShareable\">Vingt-cinq avocats suisses ont annonc\u00e9 mardi avoir d\u00e9nonc\u00e9 le ministre suisse des Affaires \u00e9trang\u00e8res Ignazio Cassis aupr\u00e8s du bureau du procureur de la Cour p\u00e9nale internationale (CPI), pour complicit\u00e9 dans les crimes commis par Isra\u00ebl dans la bande de Gaza. Ils demandent l\u2019ouverture d\u2019une enqu\u00eate contre le conseiller f\u00e9d\u00e9ral.<\/p>\n<p class=\"selectionShareable\">Lors d\u2019une conf\u00e9rence de presse \u00e0 Berne, les juristes ont indiqu\u00e9 viser des faits susceptibles de constituer une complicit\u00e9 de crimes de guerre, de crimes contre l\u2019humanit\u00e9 et de g\u00e9nocide. Selon eux, la Suisse manquerait \u00e0 ses obligations d\u00e9coulant des Conventions de Gen\u00e8ve et du droit international humanitaire.<\/p>\n<p class=\"selectionShareable\"><strong>&#8211; Manquements all\u00e9gu\u00e9s aux obligations internationales<\/strong><\/p>\n<p class=\"selectionShareable\">Les avocats estiment qu\u2019Ignazio Cassis, en tant que chef du D\u00e9partement f\u00e9d\u00e9ral des affaires \u00e9trang\u00e8res, disposait de moyens politiques, diplomatiques et \u00e9conomiques pour emp\u00eacher ou, \u00e0 tout le moins, ne pas favoriser la commission de tels crimes. Ils lui reprochent de ne pas avoir rompu les relations commerciales avec Isra\u00ebl, de ne pas avoir maintenu le financement de l\u2019Office de secours et de travaux des Nations unies pour les r\u00e9fugi\u00e9s de Palestine, et de ne pas avoir interdit totalement les exportations d\u2019armes et de biens \u00e0 double usage.<\/p>\n<p class=\"selectionShareable\">Ils ajoutent que le ministre aurait d\u00fb rappeler au Conseil f\u00e9d\u00e9ral et au Parlement les obligations de la Suisse en tant que d\u00e9positaire des Conventions de Gen\u00e8ve et signataire de la Convention pour la pr\u00e9vention et la r\u00e9pression du crime de g\u00e9nocide.<\/p>\n<p class=\"selectionShareable\"><strong>&#8211; Coop\u00e9ration militaire et exportations critiqu\u00e9es<\/strong><\/p>\n<p class=\"selectionShareable\">Les avocats pointent \u00e9galement un accord de coop\u00e9ration militaire sign\u00e9 en 2013 entre les ministres de la D\u00e9fense suisse et isra\u00e9lien. Depuis lors, selon eux, la Suisse ach\u00e8terait et vendrait des armes et des biens \u00e0 double usage \u00e0 Isra\u00ebl, et coop\u00e9rerait au d\u00e9veloppement de syst\u00e8mes d\u2019armes.<\/p>\n<p class=\"selectionShareable\">Ils soulignent une augmentation marqu\u00e9e des exportations de biens \u00e0 double usage depuis 2024, notamment de composants destin\u00e9s au drone Hermes 900 utilis\u00e9 dans la bande de Gaza. Ce drone est fabriqu\u00e9 par le groupe isra\u00e9lien Elbit Systems, qui dispose d\u2019une filiale en Suisse.<\/p>\n<p class=\"selectionShareable\">D\u2019apr\u00e8s les juristes, entre octobre 2023 et avril 2024, vingt autorisations d\u2019exportation de biens \u00e0 double usage vers Isra\u00ebl ont \u00e9t\u00e9 accord\u00e9es \u00e0 dix-sept entreprises suisses. En 2024, ces exportations auraient atteint un niveau record de 16,7 millions de francs suisses, avec une poursuite de la hausse au premier trimestre 2025.<\/p>\n<p class=\"selectionShareable\"><strong>&#8211; R\u00e9ponse des autorit\u00e9s suisses<\/strong><\/p>\n<p class=\"selectionShareable\">Contact\u00e9 par l\u2019agence Keystone-ATS, le D\u00e9partement f\u00e9d\u00e9ral des affaires \u00e9trang\u00e8res a indiqu\u00e9 avoir pris connaissance de la d\u00e9marche, soulignant qu\u2019il appartient au bureau du procureur de la CPI d\u2019\u00e9valuer la pertinence des informations transmises.<\/p>\n<p class=\"selectionShareable\">Le d\u00e9partement rappelle que, depuis le d\u00e9but de la guerre \u00e0 Gaza, le Conseil f\u00e9d\u00e9ral appelle \u00e0 un cessez-le-feu imm\u00e9diat et permanent, \u00e0 la lib\u00e9ration de tous les otages et \u00e0 un acc\u00e8s humanitaire sans entrave. Il souligne \u00e9galement l\u2019engagement humanitaire de la Suisse au Proche-Orient, chiffr\u00e9 \u00e0 150 millions de francs.<\/p>\n<p class=\"selectionShareable\">Cette plainte intervient dans un contexte de positionnement diplomatique assum\u00e9 par la Suisse sur le conflit isra\u00e9lo-palestinien. En septembre 2025, le Conseil f\u00e9d\u00e9ral avait r\u00e9affirm\u00e9 que le moment n\u2019\u00e9tait pas encore venu de reconna\u00eetre officiellement l\u2019\u00c9tat de Palestine. Ignazio Cassis avait alors expliqu\u00e9 que Berne soutenait le principe d\u2019une solution \u00e0 deux \u00c9tats, tout en souhaitant conserver la reconnaissance comme levier politique \u00e0 actionner ult\u00e9rieurement, lorsqu\u2019un plan de paix cr\u00e9dible serait sur la table. Une ligne partag\u00e9e par la pr\u00e9sidente de la Conf\u00e9d\u00e9ration Karin Keller-Sutter, qui avait rappel\u00e9 que des conditions li\u00e9es \u00e0 la s\u00e9curit\u00e9 d\u2019Isra\u00ebl et \u00e0 l\u2019autod\u00e9termination du peuple palestinien devaient \u00eatre r\u00e9unies avant toute reconnaissance officielle.<br \/>\naa.com.tr<\/p>\n","protected":false},"excerpt":{"rendered":"<p>Le procureur de la Cour p\u00e9nale internationale a \u00e9t\u00e9 saisi contre le ministre suisse des Affaires \u00e9trang\u00e8res Ignazio Cassis pour complicit\u00e9 pr\u00e9sum\u00e9e dans les crimes commis \u00e0 Gaza. Vingt-cinq avocats suisses ont annonc\u00e9 mardi avoir d\u00e9nonc\u00e9 le ministre suisse des Affaires \u00e9trang\u00e8res Ignazio Cassis aupr\u00e8s du bureau du procureur de la Cour p\u00e9nale internationale (CPI), &hellip;<\/p>\n","protected":false},"author":2,"featured_media":20428,"comment_status":"open","ping_status":"open","sticky":false,"template":"","format":"standard","meta":{"footnotes":""},"categories":[18,29],"tags":[],"class_list":["post-20427","post","type-post","status-publish","format-standard","has-post-thumbnail","hentry","category-actualites","category-monde"],"_links":{"self":[{"href":"https:\/\/ladepeche.mr\/index.php?rest_route=\/wp\/v2\/posts\/20427","targetHints":{"allow":["GET"]}}],"collection":[{"href":"https:\/\/ladepeche.mr\/index.php?rest_route=\/wp\/v2\/posts"}],"about":[{"href":"https:\/\/ladepeche.mr\/index.php?rest_route=\/wp\/v2\/types\/post"}],"author":[{"embeddable":true,"href":"https:\/\/ladepeche.mr\/index.php?rest_route=\/wp\/v2\/users\/2"}],"replies":[{"embeddable":true,"href":"https:\/\/ladepeche.mr\/index.php?rest_route=%2Fwp%2Fv2%2Fcomments&post=20427"}],"version-history":[{"count":1,"href":"https:\/\/ladepeche.mr\/index.php?rest_route=\/wp\/v2\/posts\/20427\/revisions"}],"predecessor-version":[{"id":20429,"href":"https:\/\/ladepeche.mr\/index.php?rest_route=\/wp\/v2\/posts\/20427\/revisions\/20429"}],"wp:featuredmedia":[{"embeddable":true,"href":"https:\/\/ladepeche.mr\/index.php?rest_route=\/wp\/v2\/media\/20428"}],"wp:attachment":[{"href":"https:\/\/ladepeche.mr\/index.php?rest_route=%2Fwp%2Fv2%2Fmedia&parent=20427"}],"wp:term":[{"taxonomy":"category","embeddable":true,"href":"https:\/\/ladepeche.mr\/index.php?rest_route=%2Fwp%2Fv2%2Fcategories&post=20427"},{"taxonomy":"post_tag","embeddable":true,"href":"https:\/\/ladepeche.mr\/index.php?rest_route=%2Fwp%2Fv2%2Ftags&post=20427"}],"curies":[{"name":"wp","href":"https:\/\/api.w.org\/{rel}","templated":true}]}}