{"id":20430,"date":"2026-02-08T01:37:18","date_gmt":"2026-02-08T01:37:18","guid":{"rendered":"https:\/\/ladepeche.mr\/?p=20430"},"modified":"2026-02-08T01:37:18","modified_gmt":"2026-02-08T01:37:18","slug":"manifestation-a-paris-contre-les-guerres-le-racisme-et-loppression","status":"publish","type":"post","link":"https:\/\/ladepeche.mr\/?p=20430","title":{"rendered":"Manifestation \u00e0 Paris contre les guerres, le racisme et l\u2019oppression"},"content":{"rendered":"<h4>Un rassemblement place de la Nation a r\u00e9uni plusieurs collectifs engag\u00e9s autour de causes internationales et antiracistes.<\/h4>\n<p class=\"selectionShareable\">La place de la Nation, \u00e0 Paris, a accueilli, samedi apr\u00e8s-midi, plusieurs centaines de manifestants venus r\u00e9pondre \u00e0 un appel contre les guerres, le racisme et les formes d\u2019oppression. La mobilisation, annonc\u00e9e pour 14 heures, s\u2019est tenue \u00e0 l\u2019initiative de collectifs et d\u2019organisations engag\u00e9s dans des luttes sociales et internationales.<\/p>\n<p class=\"selectionShareable\">Par voie d\u2019un appel diffus\u00e9 en amont, les organisateurs ont souhait\u00e9 rassembler des soutiens aux peuples des Cara\u00efbes, d\u2019Ha\u00efti, de Palestine, du Venezuela, du Soudan, de Kanaky (Nouvelle-Cal\u00e9donie), de Colombie, du Congo, du P\u00e9rou et d\u2019autres territoires qu\u2019ils estiment marqu\u00e9s par la guerre, le racisme et des rapports de domination. Le texte appelait notamment \u00e0 la paix, \u00e0 la justice et \u00e0 l\u2019autod\u00e9termination des peuples.<\/p>\n<p class=\"selectionShareable\">Sur place, les manifestants ont brandi de nombreux drapeaux, banderoles et pancartes, affichant des messages de solidarit\u00e9 internationale et de d\u00e9nonciation des violences arm\u00e9es et des discriminations. Le cort\u00e8ge a rassembl\u00e9 des participants issus de diff\u00e9rentes communaut\u00e9s et g\u00e9n\u00e9rations, r\u00e9unis autour de revendications communes.<\/p>\n<p class=\"selectionShareable\">La mobilisation s\u2019inscrit dans un contexte international marqu\u00e9 par plusieurs conflits arm\u00e9s et par des d\u00e9bats r\u00e9currents en France autour du racisme, des politiques s\u00e9curitaires et des in\u00e9galit\u00e9s sociales. Selon les observations du correspondant d&#8217;Anadolu, pr\u00e9sent sur place, le rassemblement s\u2019est d\u00e9roul\u00e9 sans incident notable, sous la surveillance des forces de l\u2019ordre.<\/p>\n<p class=\"selectionShareable\">Au-del\u00e0 de cette journ\u00e9e, les organisateurs affirment vouloir inscrire cette mobilisation dans une dynamique plus large de convergence des luttes et appellent \u00e0 poursuivre les actions en faveur de la paix et de la solidarit\u00e9 internationale.<br \/>\naa.com.tr<\/p>\n","protected":false},"excerpt":{"rendered":"<p>Un rassemblement place de la Nation a r\u00e9uni plusieurs collectifs engag\u00e9s autour de causes internationales et antiracistes. La place de la Nation, \u00e0 Paris, a accueilli, samedi apr\u00e8s-midi, plusieurs centaines de manifestants venus r\u00e9pondre \u00e0 un appel contre les guerres, le racisme et les formes d\u2019oppression. La mobilisation, annonc\u00e9e pour 14 heures, s\u2019est tenue \u00e0 &hellip;<\/p>\n","protected":false},"author":2,"featured_media":20431,"comment_status":"open","ping_status":"open","sticky":false,"template":"","format":"standard","meta":{"footnotes":""},"categories":[18,29],"tags":[],"class_list":["post-20430","post","type-post","status-publish","format-standard","has-post-thumbnail","hentry","category-actualites","category-monde"],"_links":{"self":[{"href":"https:\/\/ladepeche.mr\/index.php?rest_route=\/wp\/v2\/posts\/20430","targetHints":{"allow":["GET"]}}],"collection":[{"href":"https:\/\/ladepeche.mr\/index.php?rest_route=\/wp\/v2\/posts"}],"about":[{"href":"https:\/\/ladepeche.mr\/index.php?rest_route=\/wp\/v2\/types\/post"}],"author":[{"embeddable":true,"href":"https:\/\/ladepeche.mr\/index.php?rest_route=\/wp\/v2\/users\/2"}],"replies":[{"embeddable":true,"href":"https:\/\/ladepeche.mr\/index.php?rest_route=%2Fwp%2Fv2%2Fcomments&post=20430"}],"version-history":[{"count":1,"href":"https:\/\/ladepeche.mr\/index.php?rest_route=\/wp\/v2\/posts\/20430\/revisions"}],"predecessor-version":[{"id":20432,"href":"https:\/\/ladepeche.mr\/index.php?rest_route=\/wp\/v2\/posts\/20430\/revisions\/20432"}],"wp:featuredmedia":[{"embeddable":true,"href":"https:\/\/ladepeche.mr\/index.php?rest_route=\/wp\/v2\/media\/20431"}],"wp:attachment":[{"href":"https:\/\/ladepeche.mr\/index.php?rest_route=%2Fwp%2Fv2%2Fmedia&parent=20430"}],"wp:term":[{"taxonomy":"category","embeddable":true,"href":"https:\/\/ladepeche.mr\/index.php?rest_route=%2Fwp%2Fv2%2Fcategories&post=20430"},{"taxonomy":"post_tag","embeddable":true,"href":"https:\/\/ladepeche.mr\/index.php?rest_route=%2Fwp%2Fv2%2Ftags&post=20430"}],"curies":[{"name":"wp","href":"https:\/\/api.w.org\/{rel}","templated":true}]}}