{"id":20433,"date":"2026-02-08T14:20:19","date_gmt":"2026-02-08T14:20:19","guid":{"rendered":"https:\/\/ladepeche.mr\/?p=20433"},"modified":"2026-02-08T14:20:19","modified_gmt":"2026-02-08T14:20:19","slug":"cas-presume-desclavage-ira-denonce-la-dispersion-violente-de-son-sit-in","status":"publish","type":"post","link":"https:\/\/ladepeche.mr\/?p=20433","title":{"rendered":"Cas pr\u00e9sum\u00e9 d\u2019esclavage: Ira d\u00e9nonce la dispersion violente de son sit-in"},"content":{"rendered":"<p class=\"p1\">Dans une note, l\u2019organisation \u00ab Ira \u00bb d\u00e9nonce la dispersion violente de son sit-in et d\u00e9plore plusieurs bless\u00e9s dans ses rangs.<br \/>\nCela fait suite \u00e0 la d\u00e9couverte d\u2019un cas pr\u00e9sum\u00e9 d\u2019esclavage impliquant une fillette de 11 ans, identifi\u00e9e comme Nouhe mint Mohamed, signal\u00e9 dans la commune de Toujounine, \u00e0 Nouakchott.<\/p>\n<p class=\"p1\"><span class=\"s1\">Selon Ira, les faits, d\u00e9couverts r\u00e9cemment, rel\u00e8veraient de l\u2019esclavage. L\u2019organisation soup\u00e7onne une tentative pour requalifier l\u2019infraction en \u00ab travail de mineur \u00bb, pour en att\u00e9nuer les cons\u00e9quences judiciaires, selon elle.<\/span><\/p>\n<p class=\"p1\"><span class=\"s1\">D\u2019apr\u00e8s les m\u00eames sources, l\u2019IRA a saisi la police le 4 f\u00e9vrier 2026. Le p\u00e8re de la famille mise en cause, Cheikh Ould Ely, a \u00e9t\u00e9 bri\u00e8vement interpell\u00e9 avant d\u2019\u00eatre rel\u00e2ch\u00e9, tandis que son \u00e9pouse, Isselemha mint Cheikh El Weli ould Horma, enseignante, demeure en d\u00e9tention. Elle est accus\u00e9e d\u2019avoir transport\u00e9 la fillette depuis la ville d\u2019A\u00efoun vers Nouakchott en octobre 2025. Les autorit\u00e9s politiques avaient arr\u00eat\u00e9 le couple avant de lib\u00e9rer le mari. <\/span><\/p>\n<p class=\"p1\"><span class=\"s1\">Une lib\u00e9ration suivie le 6 f\u00e9vrier par l\u2019organisation d\u2019un sit-in pacifique \u00e0 proximit\u00e9 du Commissariat des enfants en conflit avec la loi, dans le quartier de Dar Na\u00efm. <\/span><\/p>\n<p class=\"p1\"><span class=\"s1\">La manifestation a \u00e9t\u00e9 dispers\u00e9e par les forces anti-\u00e9meutes, faisant plusieurs bless\u00e9s parmi les manifestants, selon les organisateurs. <\/span><\/p>\n<p class=\"p1\"><span class=\"s1\">L\u2019IRA indique enfin avoir appel\u00e9 les autorit\u00e9s \u00e0 la lib\u00e9ration des personnes arr\u00eat\u00e9es, \u00e0 l\u2019apaisement et au respect des engagements internationaux de la Mauritanie en mati\u00e8re de protection de l\u2019enfance et de lutte contre l\u2019esclavage.<\/span><\/p>\n","protected":false},"excerpt":{"rendered":"<p>Dans une note, l\u2019organisation \u00ab Ira \u00bb d\u00e9nonce la dispersion violente de son sit-in et d\u00e9plore plusieurs bless\u00e9s dans ses rangs. Cela fait suite \u00e0 la d\u00e9couverte d\u2019un cas pr\u00e9sum\u00e9 d\u2019esclavage impliquant une fillette de 11 ans, identifi\u00e9e comme Nouhe mint Mohamed, signal\u00e9 dans la commune de Toujounine, \u00e0 Nouakchott. Selon Ira, les faits, d\u00e9couverts &hellip;<\/p>\n","protected":false},"author":2,"featured_media":20434,"comment_status":"open","ping_status":"open","sticky":false,"template":"","format":"standard","meta":{"footnotes":""},"categories":[18],"tags":[],"class_list":["post-20433","post","type-post","status-publish","format-standard","has-post-thumbnail","hentry","category-actualites"],"_links":{"self":[{"href":"https:\/\/ladepeche.mr\/index.php?rest_route=\/wp\/v2\/posts\/20433","targetHints":{"allow":["GET"]}}],"collection":[{"href":"https:\/\/ladepeche.mr\/index.php?rest_route=\/wp\/v2\/posts"}],"about":[{"href":"https:\/\/ladepeche.mr\/index.php?rest_route=\/wp\/v2\/types\/post"}],"author":[{"embeddable":true,"href":"https:\/\/ladepeche.mr\/index.php?rest_route=\/wp\/v2\/users\/2"}],"replies":[{"embeddable":true,"href":"https:\/\/ladepeche.mr\/index.php?rest_route=%2Fwp%2Fv2%2Fcomments&post=20433"}],"version-history":[{"count":1,"href":"https:\/\/ladepeche.mr\/index.php?rest_route=\/wp\/v2\/posts\/20433\/revisions"}],"predecessor-version":[{"id":20435,"href":"https:\/\/ladepeche.mr\/index.php?rest_route=\/wp\/v2\/posts\/20433\/revisions\/20435"}],"wp:featuredmedia":[{"embeddable":true,"href":"https:\/\/ladepeche.mr\/index.php?rest_route=\/wp\/v2\/media\/20434"}],"wp:attachment":[{"href":"https:\/\/ladepeche.mr\/index.php?rest_route=%2Fwp%2Fv2%2Fmedia&parent=20433"}],"wp:term":[{"taxonomy":"category","embeddable":true,"href":"https:\/\/ladepeche.mr\/index.php?rest_route=%2Fwp%2Fv2%2Fcategories&post=20433"},{"taxonomy":"post_tag","embeddable":true,"href":"https:\/\/ladepeche.mr\/index.php?rest_route=%2Fwp%2Fv2%2Ftags&post=20433"}],"curies":[{"name":"wp","href":"https:\/\/api.w.org\/{rel}","templated":true}]}}