{"id":20438,"date":"2026-02-08T19:55:52","date_gmt":"2026-02-08T19:55:52","guid":{"rendered":"https:\/\/ladepeche.mr\/?p=20438"},"modified":"2026-02-08T19:55:52","modified_gmt":"2026-02-08T19:55:52","slug":"le-ministre-des-affaires-economiques-recoit-une-delegation-du-conseil-saoudien-de-la-choura-en-visite-en-mauritanie","status":"publish","type":"post","link":"https:\/\/ladepeche.mr\/?p=20438","title":{"rendered":"Le ministre des Affaires \u00e9conomiques re\u00e7oit une d\u00e9l\u00e9gation du Conseil saoudien de la Choura en visite en Mauritanie"},"content":{"rendered":"<p>Son Excellence le ministre des Affaires \u00e9conomiques et du D\u00e9veloppement, Dr Abdallah Ould Souleymane Ould Cheikh Sidia, s&#8217;est entretenu, dimanche \u00e0 Nouakchott, avec une d\u00e9l\u00e9gation de haut niveau du Conseil de la Choura d\u2019Arabie saoudite, conduite par Dr Fahd ben Souleymane Al-Takhifi, en pr\u00e9sence du Groupe d\u2019amiti\u00e9 parlementaire mauritano-saoudien, pr\u00e9sid\u00e9 par le d\u00e9put\u00e9 Hamdi Ould Hamadi.<\/p>\n<p>\u00c0 cette occasion, le ministre a salu\u00e9 la solidit\u00e9 des relations historiques unissant les deux pays fr\u00e8res, en passant en revue les acquis d\u2019une coop\u00e9ration \u00e9conomique fructueuse. Il a \u00e9galement rendu hommage au r\u00f4le de premier plan jou\u00e9 par le Royaume d\u2019Arabie saoudite dans l\u2019appui au processus de d\u00e9veloppement en Mauritanie, notamment \u00e0 travers ses contributions au financement de grands projets structurants inscrits dans la vision de Son Excellence le Pr\u00e9sident de la R\u00e9publique, Monsieur Mohamed Ould Cheikh El Ghazouani.<br \/>\nIl a, par ailleurs, soulign\u00e9 que le gouvernement, sous la conduite du Premier ministre M. Mokhtar Ould Diay, \u00e9rige en priorit\u00e9 l\u2019am\u00e9lioration de l\u2019efficacit\u00e9 de l\u2019action publique et l\u2019acc\u00e9l\u00e9ration du rythme de mise en \u0153uvre de ces projets strat\u00e9giques, afin d\u2019en garantir l\u2019impact et l\u2019atteinte des objectifs de d\u00e9veloppement escompt\u00e9s.<\/p>\n<p>Dans le m\u00eame cadre, le ministre a pr\u00e9sent\u00e9 un aper\u00e7u sur le climat d\u2019investissement attractif qu\u2019offre la Mauritanie, mettant en exergue les opportunit\u00e9s prometteuses disponibles dans divers secteurs productifs. Il a insist\u00e9 sur l\u2019existence d\u2019un ensemble d\u2019incitations et de garanties juridiques cr\u00e9dibles, ainsi que sur le climat de s\u00e9curit\u00e9 et de stabilit\u00e9 politique dont jouit le pays, constituant un socle essentiel pour l\u2019attraction des capitaux \u00e9trangers.<\/p>\n<p>Pour sa part, la d\u00e9l\u00e9gation saoudienne s\u2019est f\u00e9licit\u00e9e de la solidit\u00e9 du partenariat bilat\u00e9ral, r\u00e9affirmant la volont\u00e9 du Royaume de poursuivre la coordination et la coop\u00e9ration dans l\u2019int\u00e9r\u00eat commun des deux peuples fr\u00e8res, et de contribuer \u00e0 l\u2019\u00e9largissement des perspectives de d\u00e9veloppement et d\u2019int\u00e9gration \u00e9conomique.<br \/>\nMAED<\/p>\n","protected":false},"excerpt":{"rendered":"<p>Son Excellence le ministre des Affaires \u00e9conomiques et du D\u00e9veloppement, Dr Abdallah Ould Souleymane Ould Cheikh Sidia, s&#8217;est entretenu, dimanche \u00e0 Nouakchott, avec une d\u00e9l\u00e9gation de haut niveau du Conseil de la Choura d\u2019Arabie saoudite, conduite par Dr Fahd ben Souleymane Al-Takhifi, en pr\u00e9sence du Groupe d\u2019amiti\u00e9 parlementaire mauritano-saoudien, pr\u00e9sid\u00e9 par le d\u00e9put\u00e9 Hamdi Ould &hellip;<\/p>\n","protected":false},"author":2,"featured_media":20439,"comment_status":"open","ping_status":"open","sticky":false,"template":"","format":"standard","meta":{"footnotes":""},"categories":[18,2,19],"tags":[],"class_list":["post-20438","post","type-post","status-publish","format-standard","has-post-thumbnail","hentry","category-actualites","category-economie","category-tribune"],"_links":{"self":[{"href":"https:\/\/ladepeche.mr\/index.php?rest_route=\/wp\/v2\/posts\/20438","targetHints":{"allow":["GET"]}}],"collection":[{"href":"https:\/\/ladepeche.mr\/index.php?rest_route=\/wp\/v2\/posts"}],"about":[{"href":"https:\/\/ladepeche.mr\/index.php?rest_route=\/wp\/v2\/types\/post"}],"author":[{"embeddable":true,"href":"https:\/\/ladepeche.mr\/index.php?rest_route=\/wp\/v2\/users\/2"}],"replies":[{"embeddable":true,"href":"https:\/\/ladepeche.mr\/index.php?rest_route=%2Fwp%2Fv2%2Fcomments&post=20438"}],"version-history":[{"count":1,"href":"https:\/\/ladepeche.mr\/index.php?rest_route=\/wp\/v2\/posts\/20438\/revisions"}],"predecessor-version":[{"id":20440,"href":"https:\/\/ladepeche.mr\/index.php?rest_route=\/wp\/v2\/posts\/20438\/revisions\/20440"}],"wp:featuredmedia":[{"embeddable":true,"href":"https:\/\/ladepeche.mr\/index.php?rest_route=\/wp\/v2\/media\/20439"}],"wp:attachment":[{"href":"https:\/\/ladepeche.mr\/index.php?rest_route=%2Fwp%2Fv2%2Fmedia&parent=20438"}],"wp:term":[{"taxonomy":"category","embeddable":true,"href":"https:\/\/ladepeche.mr\/index.php?rest_route=%2Fwp%2Fv2%2Fcategories&post=20438"},{"taxonomy":"post_tag","embeddable":true,"href":"https:\/\/ladepeche.mr\/index.php?rest_route=%2Fwp%2Fv2%2Ftags&post=20438"}],"curies":[{"name":"wp","href":"https:\/\/api.w.org\/{rel}","templated":true}]}}