{"id":20441,"date":"2026-02-08T19:58:44","date_gmt":"2026-02-08T19:58:44","guid":{"rendered":"https:\/\/ladepeche.mr\/?p=20441"},"modified":"2026-02-08T19:58:44","modified_gmt":"2026-02-08T19:58:44","slug":"le-president-de-la-republique-preside-un-grand-meeting-populaire-dans-la-ville-de-kaedi","status":"publish","type":"post","link":"https:\/\/ladepeche.mr\/?p=20441","title":{"rendered":"Le Pr\u00e9sident de la R\u00e9publique pr\u00e9side un grand meeting populaire dans la ville de Ka\u00e9di"},"content":{"rendered":"<p>Son Excellence le Pr\u00e9sident de la R\u00e9publique, Monsieur Mohamed Ould Cheikh El Ghazouani, a pr\u00e9sid\u00e9 ce dimanche soir un grand meeting populaire dans la ville de Ka\u00e9di, dans le cadre de la visite d\u2019information et de travail qu\u2019il effectue actuellement dans la wilaya du Gorgol.<\/p>\n<p>Au cours de cette visite qui couvrira toutes les moughataas de la wilaya, Son Excellence le Pr\u00e9sident de la R\u00e9publique s\u2019informera de la situation des citoyens, \u00e9coutera leurs pr\u00e9occupations et leurs aspirations, et constatera sur le terrain la r\u00e9alit\u00e9 du d\u00e9veloppement et des services de base dans la wilaya.<br \/>\nAmi<\/p>\n","protected":false},"excerpt":{"rendered":"<p>Son Excellence le Pr\u00e9sident de la R\u00e9publique, Monsieur Mohamed Ould Cheikh El Ghazouani, a pr\u00e9sid\u00e9 ce dimanche soir un grand meeting populaire dans la ville de Ka\u00e9di, dans le cadre de la visite d\u2019information et de travail qu\u2019il effectue actuellement dans la wilaya du Gorgol. Au cours de cette visite qui couvrira toutes les moughataas &hellip;<\/p>\n","protected":false},"author":2,"featured_media":20442,"comment_status":"open","ping_status":"open","sticky":false,"template":"","format":"standard","meta":{"footnotes":""},"categories":[18,31],"tags":[],"class_list":["post-20441","post","type-post","status-publish","format-standard","has-post-thumbnail","hentry","category-actualites","category-politique-et-reportages"],"_links":{"self":[{"href":"https:\/\/ladepeche.mr\/index.php?rest_route=\/wp\/v2\/posts\/20441","targetHints":{"allow":["GET"]}}],"collection":[{"href":"https:\/\/ladepeche.mr\/index.php?rest_route=\/wp\/v2\/posts"}],"about":[{"href":"https:\/\/ladepeche.mr\/index.php?rest_route=\/wp\/v2\/types\/post"}],"author":[{"embeddable":true,"href":"https:\/\/ladepeche.mr\/index.php?rest_route=\/wp\/v2\/users\/2"}],"replies":[{"embeddable":true,"href":"https:\/\/ladepeche.mr\/index.php?rest_route=%2Fwp%2Fv2%2Fcomments&post=20441"}],"version-history":[{"count":1,"href":"https:\/\/ladepeche.mr\/index.php?rest_route=\/wp\/v2\/posts\/20441\/revisions"}],"predecessor-version":[{"id":20443,"href":"https:\/\/ladepeche.mr\/index.php?rest_route=\/wp\/v2\/posts\/20441\/revisions\/20443"}],"wp:featuredmedia":[{"embeddable":true,"href":"https:\/\/ladepeche.mr\/index.php?rest_route=\/wp\/v2\/media\/20442"}],"wp:attachment":[{"href":"https:\/\/ladepeche.mr\/index.php?rest_route=%2Fwp%2Fv2%2Fmedia&parent=20441"}],"wp:term":[{"taxonomy":"category","embeddable":true,"href":"https:\/\/ladepeche.mr\/index.php?rest_route=%2Fwp%2Fv2%2Fcategories&post=20441"},{"taxonomy":"post_tag","embeddable":true,"href":"https:\/\/ladepeche.mr\/index.php?rest_route=%2Fwp%2Fv2%2Ftags&post=20441"}],"curies":[{"name":"wp","href":"https:\/\/api.w.org\/{rel}","templated":true}]}}