{"id":20470,"date":"2026-02-11T09:50:26","date_gmt":"2026-02-11T09:50:26","guid":{"rendered":"https:\/\/ladepeche.mr\/?p=20470"},"modified":"2026-02-11T09:50:26","modified_gmt":"2026-02-11T09:50:26","slug":"communique-de-presse-mobiliser-lelan-pour-lindustrialisation-de-la-republique-democratique-du-congo-rdc-nouveau-forum-sur-les-mineraux-critiques-et-lindustrialisation","status":"publish","type":"post","link":"https:\/\/ladepeche.mr\/?p=20470","title":{"rendered":"COMMUNIQUE DE PRESSE: Mobiliser l&#8217;\u00e9lan pour l&#8217;industrialisation de la R\u00e9publique d\u00e9mocratique du Congo (RDC) : Nouveau Forum sur les Min\u00e9raux Critiques et l&#8217;Industrialisation"},"content":{"rendered":"<p><strong>R\u00e9pondre \u00e0 l&#8217;appel pour transformer le dialogue en action.<\/strong><\/p>\n<p>LE CAP, Afrique du Sud, 10 f\u00e9vrier 2026\/ &#8212; Les organisateurs du Forum DRC-Africa Battery Metals annoncent le lancement d&#8217;un nouvel \u00e9v\u00e9nement co-localis\u00e9 \u00e0 ce rassemblement annuel phare \u00e0 Kolwezi : le Forum DRC Critical Minerals &amp; Industrialisation.<\/p>\n<p>\u00ab L&#8217;\u00e9dition 2025 r\u00e9ussie du forum DRC-Africa Battery Metals a confirm\u00e9 que l&#8217;industrialisation est la cl\u00e9 pour transformer la richesse min\u00e9rale de la RDC en prosp\u00e9rit\u00e9 durable \u00bb, d\u00e9clare Samukelo Madlabane, Directeur de l&#8217;\u00c9v\u00e9nement, Portfolio Mining du VUKA Group, organisateur de plusieurs \u00e9v\u00e9nements miniers majeurs sur le continent.<\/p>\n<p>\u00ab <em>Nous avons re\u00e7u un engagement et une collaboration remarquables tant du secteur priv\u00e9 que public, ce qui a renforc\u00e9 la mission du forum : acc\u00e9l\u00e9rer l&#8217;industrialisation de la RDC gr\u00e2ce \u00e0 l&#8217;ajout de valeur, \u00e0 la transformation locale et \u00e0 la participation au sein de la cha\u00eene d&#8217;approvisionnement mondiale. Nous remercions le Gouvernement de la RDC pour son leadership continu et son soutien dans la promotion de cette vision industrielle nationale.<\/em> \u00bb<\/p>\n<p><strong>R\u00e9pondre \u00e0 l&#8217;appel \u00e0 l&#8217;action<\/strong><\/p>\n<p>Il ajoute : \u00ab L&#8217;\u00e9v\u00e9nement a \u00e9t\u00e9 v\u00e9ritablement transformateur, r\u00e9unissant des leaders des soci\u00e9t\u00e9s mini\u00e8res, du gouvernement, des investisseurs et de l&#8217;industrie autour d&#8217;une vision commune ; le forum s&#8217;est conclu par un appel clair \u00e0 transformer le dialogue en action et les partenariats en impacts durables. Nous r\u00e9pondons \u00e0 cet appel en lan\u00e7ant le Forum DRC Critical Minerals &amp; Industrialisation, apportant l&#8217;\u00e9lan n\u00e9cessaire pour concr\u00e9tiser cette vision. \u00bb<\/p>\n<p>\u00ab En particulier, le gouvernement de la RDC m\u00e8ne une dynamique orient\u00e9e vers l&#8217;action pour industrialiser le pays en s&#8217;appuyant sur sa richesse min\u00e9rale, et ce Forum constitue le v\u00e9hicule id\u00e9al pour y parvenir \u00bb, poursuit-il.<\/p>\n<p>Le nouveau Forum, qui se tiendra en co-localisation avec le Forum DRC-Africa Battery Metals \u00e0 Kolwezi en octobre, r\u00e9unira des soci\u00e9t\u00e9s mini\u00e8res, des raffineurs, des fabricants en aval, des investisseurs, des EPC (engineering, procurement, construction), des financiers, des acteurs de la logistique, de l&#8217;\u00e9nergie, des t\u00e9l\u00e9communications, de l&#8217;infrastructure et des repr\u00e9sentants gouvernementaux pour acc\u00e9l\u00e9rer le passage de la RDC de l&#8217;extraction mini\u00e8re \u00e0 des cha\u00eenes de valeur industrielles pleinement int\u00e9gr\u00e9es.<\/p>\n<p>Les repr\u00e9sentants des secteurs suivants participeront et contribueront aux discussions :<\/p>\n<p><strong>Mines et extraction en amont<\/strong><br \/>\n<strong>Transformation et raffinage des min\u00e9raux \/ Valorisation locale<\/strong><br \/>\n<strong>Fabrication en aval<\/strong><br \/>\n<strong>\u00c9nergie et infrastructures \u00e9lectriques<\/strong><br \/>\n<strong>Transport et logistique (cha\u00eenes d&#8217;approvisionnement mini\u00e8res)<\/strong><br \/>\n<strong>Investissement, financement et financement de projets<\/strong><br \/>\n<strong>Politiques, r\u00e9gulation et strat\u00e9gie gouvernementale \/ Contenu local et politique industrielle<\/strong><br \/>\n<strong>T\u00e9l\u00e9communications \/ Infrastructure num\u00e9rique et gestion des donn\u00e9es<\/strong><br \/>\n<strong>Durabilit\u00e9, ESG, impact social et communautaire \/ D\u00e9veloppement des comp\u00e9tences<\/strong><br \/>\n<strong>DRC Critical Minerals &amp; Industrialisation Forum<\/strong><\/p>\n<p>\u00ab Nous attendons avec impatience des discussions visionnaires, perspicaces, cr\u00e9atives et, surtout, concr\u00e8tes, men\u00e9es par des pionniers et entrepreneurs de renom lors de notre nouveau Forum co-localis\u00e9 \u00bb, d\u00e9clare Madlabane. \u00ab Nous remercions le Gouvernement de la RDC pour son leadership et son soutien continu dans la promotion de cette vision industrielle nationale. Leur appui a jou\u00e9 un r\u00f4le cl\u00e9 dans les discussions et les r\u00e9sultats de l&#8217;\u00e9v\u00e9nement de l&#8217;ann\u00e9e derni\u00e8re. Nous sommes impatients de faire \u00e9voluer et de fa\u00e7onner ce parcours aux c\u00f4t\u00e9s des diff\u00e9rentes parties prenantes nationales, r\u00e9gionales et internationales, publiques et priv\u00e9es. \u00bb<\/p>\n<p><strong>Soutien de l&#8217;industrie<\/strong><\/p>\n<p>Le Forum DRC-Africa Battery Metals de l&#8217;ann\u00e9e derni\u00e8re a b\u00e9n\u00e9fici\u00e9 du soutien de leaders de l&#8217;industrie tels que Comini\u00e8re S.A., Enabel DRC, Mining Engineering Services, Elephant Trade, ANAPI, Alfred H. Knight, Congo Astral Company, Elada Consulting, Equity BCDC, Glorhis Multi Services, Kamoa Copper, Liquid Intelligent Technologies, MMG Kinsevere, Morco Services, Temperature, Telluric Holdings Sarl et Trust Merchant Bank S.A.<\/p>\n<p><strong>Dates et lieu du Forum DRC Critical Minerals &amp; Industrialisation et du Forum DRC-Africa Battery Metals :<\/strong><\/p>\n<p><strong>Date: 7\u20139 octobre 2026<\/strong><br \/>\n<strong>Lieu: Kolwezi, RDC<\/strong><br \/>\n<strong>Distribu\u00e9 par APO Group pour VUKA Group.<\/strong><\/p>\n","protected":false},"excerpt":{"rendered":"<p>R\u00e9pondre \u00e0 l&#8217;appel pour transformer le dialogue en action. LE CAP, Afrique du Sud, 10 f\u00e9vrier 2026\/ &#8212; Les organisateurs du Forum DRC-Africa Battery Metals annoncent le lancement d&#8217;un nouvel \u00e9v\u00e9nement co-localis\u00e9 \u00e0 ce rassemblement annuel phare \u00e0 Kolwezi : le Forum DRC Critical Minerals &amp; Industrialisation. \u00ab L&#8217;\u00e9dition 2025 r\u00e9ussie du forum DRC-Africa Battery &hellip;<\/p>\n","protected":false},"author":2,"featured_media":20471,"comment_status":"open","ping_status":"open","sticky":false,"template":"","format":"standard","meta":{"footnotes":""},"categories":[19],"tags":[],"class_list":["post-20470","post","type-post","status-publish","format-standard","has-post-thumbnail","hentry","category-tribune"],"_links":{"self":[{"href":"https:\/\/ladepeche.mr\/index.php?rest_route=\/wp\/v2\/posts\/20470","targetHints":{"allow":["GET"]}}],"collection":[{"href":"https:\/\/ladepeche.mr\/index.php?rest_route=\/wp\/v2\/posts"}],"about":[{"href":"https:\/\/ladepeche.mr\/index.php?rest_route=\/wp\/v2\/types\/post"}],"author":[{"embeddable":true,"href":"https:\/\/ladepeche.mr\/index.php?rest_route=\/wp\/v2\/users\/2"}],"replies":[{"embeddable":true,"href":"https:\/\/ladepeche.mr\/index.php?rest_route=%2Fwp%2Fv2%2Fcomments&post=20470"}],"version-history":[{"count":1,"href":"https:\/\/ladepeche.mr\/index.php?rest_route=\/wp\/v2\/posts\/20470\/revisions"}],"predecessor-version":[{"id":20472,"href":"https:\/\/ladepeche.mr\/index.php?rest_route=\/wp\/v2\/posts\/20470\/revisions\/20472"}],"wp:featuredmedia":[{"embeddable":true,"href":"https:\/\/ladepeche.mr\/index.php?rest_route=\/wp\/v2\/media\/20471"}],"wp:attachment":[{"href":"https:\/\/ladepeche.mr\/index.php?rest_route=%2Fwp%2Fv2%2Fmedia&parent=20470"}],"wp:term":[{"taxonomy":"category","embeddable":true,"href":"https:\/\/ladepeche.mr\/index.php?rest_route=%2Fwp%2Fv2%2Fcategories&post=20470"},{"taxonomy":"post_tag","embeddable":true,"href":"https:\/\/ladepeche.mr\/index.php?rest_route=%2Fwp%2Fv2%2Ftags&post=20470"}],"curies":[{"name":"wp","href":"https:\/\/api.w.org\/{rel}","templated":true}]}}