{"id":2049,"date":"2022-09-24T10:48:24","date_gmt":"2022-09-24T10:48:24","guid":{"rendered":"https:\/\/ladepeche.mr\/?p=2049"},"modified":"2022-09-24T10:48:24","modified_gmt":"2022-09-24T10:48:24","slug":"le-g5-sahel-cherche-une-nouvelle-strategie-apres-le-retrait-du-mali","status":"publish","type":"post","link":"https:\/\/ladepeche.mr\/?p=2049","title":{"rendered":"Le G5 Sahel cherche une &#8220;nouvelle strat\u00e9gie&#8221; apr\u00e8s le retrait du Mali"},"content":{"rendered":"<p>Les ministres de la D\u00e9fense et les chefs d&#8217;\u00e9tat-major des pays du G5 Sahel ont tenu jeudi une r\u00e9union extraordinaire \u00e0 Niamey pour r\u00e9fl\u00e9chir \u00e0 une &#8220;nouvelle strat\u00e9gie&#8221; pour cette force anti-djihadiste apr\u00e8s le retrait du Mali en mai.<\/p>\n<p>Des soldats nig\u00e9riens construisent un mur autour des tombes des soldats tu\u00e9s, avant l&#8217;arriv\u00e9e des dirigeants des nations du G5 Sahel \u00e0 Niamey, le 15 d\u00e9cembre 2019<br \/>\nDes soldats nig\u00e9riens construisent un mur autour des tombes des soldats tu\u00e9s, avant l&#8217;arriv\u00e9e des dirigeants des nations du G5 Sahel \u00e0 Niamey, le 15 d\u00e9cembre 2019<\/p>\n<p>Les ministres de la D\u00e9fense et les chefs d&#8217;\u00e9tat-major des pays du G5 Sahel ont tenu jeudi une r\u00e9union extraordinaire \u00e0 Niamey pour r\u00e9fl\u00e9chir \u00e0 une &#8220;nouvelle strat\u00e9gie&#8221; pour cette force anti-djihadiste apr\u00e8s le retrait du Mali en mai.<\/p>\n<p>Cette r\u00e9union d&#8217;une journ\u00e9e visait \u00e0 &#8220;\u00e9changer sur la nouvelle configuration&#8221; de la Force conjointe apr\u00e8s &#8220;le retrait du Mali&#8221; et le &#8220;d\u00e9part de Barkhane&#8221; de ce pays, selon le communiqu\u00e9 final.<\/p>\n<p>&#8220;Cette situation nous impose d&#8217;adopter de nouvelles strat\u00e9gies pour lutter efficacement contre les groupes arm\u00e9s terroristes dans l&#8217;espace commun&#8221;, indique le texte. Aucun d\u00e9tail n&#8217;a \u00e9t\u00e9 donn\u00e9 sur cette nouvelle strat\u00e9gie.<\/p>\n<p>Le G5 Sahel est une force militaire conjointe qui regroupait jusqu&#8217;au mois de mai le Niger, le Burkina Faso, la Mauritanie, le Tchad et le Mali.<br \/>\nLire la suite sur: https:\/\/www.msn.com\/fr-xl\/actualite\/other\/le-g5-sahel-cherche-une-nouvelle-strat%C3%A9gie-apr%C3%A8s-le-retrait-du-mali\/ar-AA12ai59?ocid=msedgntp&#038;cvid=a6509a3455c84da8f6207883b628b423<\/p>\n","protected":false},"excerpt":{"rendered":"<p>Les ministres de la D\u00e9fense et les chefs d&#8217;\u00e9tat-major des pays du G5 Sahel ont tenu jeudi une r\u00e9union extraordinaire \u00e0 Niamey pour r\u00e9fl\u00e9chir \u00e0 une &#8220;nouvelle strat\u00e9gie&#8221; pour cette force anti-djihadiste apr\u00e8s le retrait du Mali en mai. Des soldats nig\u00e9riens construisent un mur autour des tombes des soldats tu\u00e9s, avant l&#8217;arriv\u00e9e des dirigeants &hellip;<\/p>\n","protected":false},"author":2,"featured_media":2050,"comment_status":"open","ping_status":"open","sticky":false,"template":"","format":"standard","meta":{"footnotes":""},"categories":[18,29,28],"tags":[],"class_list":["post-2049","post","type-post","status-publish","format-standard","has-post-thumbnail","hentry","category-actualites","category-monde","category-sahel"],"_links":{"self":[{"href":"https:\/\/ladepeche.mr\/index.php?rest_route=\/wp\/v2\/posts\/2049","targetHints":{"allow":["GET"]}}],"collection":[{"href":"https:\/\/ladepeche.mr\/index.php?rest_route=\/wp\/v2\/posts"}],"about":[{"href":"https:\/\/ladepeche.mr\/index.php?rest_route=\/wp\/v2\/types\/post"}],"author":[{"embeddable":true,"href":"https:\/\/ladepeche.mr\/index.php?rest_route=\/wp\/v2\/users\/2"}],"replies":[{"embeddable":true,"href":"https:\/\/ladepeche.mr\/index.php?rest_route=%2Fwp%2Fv2%2Fcomments&post=2049"}],"version-history":[{"count":1,"href":"https:\/\/ladepeche.mr\/index.php?rest_route=\/wp\/v2\/posts\/2049\/revisions"}],"predecessor-version":[{"id":2051,"href":"https:\/\/ladepeche.mr\/index.php?rest_route=\/wp\/v2\/posts\/2049\/revisions\/2051"}],"wp:featuredmedia":[{"embeddable":true,"href":"https:\/\/ladepeche.mr\/index.php?rest_route=\/wp\/v2\/media\/2050"}],"wp:attachment":[{"href":"https:\/\/ladepeche.mr\/index.php?rest_route=%2Fwp%2Fv2%2Fmedia&parent=2049"}],"wp:term":[{"taxonomy":"category","embeddable":true,"href":"https:\/\/ladepeche.mr\/index.php?rest_route=%2Fwp%2Fv2%2Fcategories&post=2049"},{"taxonomy":"post_tag","embeddable":true,"href":"https:\/\/ladepeche.mr\/index.php?rest_route=%2Fwp%2Fv2%2Ftags&post=2049"}],"curies":[{"name":"wp","href":"https:\/\/api.w.org\/{rel}","templated":true}]}}