{"id":20522,"date":"2026-02-15T09:46:05","date_gmt":"2026-02-15T09:46:05","guid":{"rendered":"https:\/\/ladepeche.mr\/?p=20522"},"modified":"2026-02-15T09:46:05","modified_gmt":"2026-02-15T09:46:05","slug":"lextermination-du-peuple-palestinien-doit-cesser-au-sommet-de-lunion-africaine-lappel-du-president-de-la-commission","status":"publish","type":"post","link":"https:\/\/ladepeche.mr\/?p=20522","title":{"rendered":"L&#8217;extermination&#8221; du peuple palestinien &#8220;doit cesser&#8221;: au sommet de l&#8217;Union africaine, l&#8217;appel du pr\u00e9sident de la Commission"},"content":{"rendered":"<div class=\"clearfix text-formatted field field--name-field-resume field--type-text-long field--label-hidden field__item\">\n<p>Le 39e sommet annuel de l&#8217;Union africaine (UA) s&#8217;est ouvert samedi 14 f\u00e9vrier \u00e0 Addis Abeba, en \u00c9thiopie. \u00c0 cette occasion, le pr\u00e9sident de la Commission de l&#8217;UA, le Djiboutien Mahamoud Ali Youssouf, a appel\u00e9 \u00e0 mettre fin \u00e0 ce qu&#8217;il qualifie d&#8217;<em>&#8220;extermination&#8221;<\/em> du peuple palestinien.<\/p>\n<\/div>\n<div class=\"clearfix text-formatted field field--name-body field--type-text-with-summary field--label-hidden field__item\">\n<p>En ouvrant le 39e sommet annuel de l&#8217;Union africaine (UA), samedi 14 f\u00e9vrier \u00e0 Addis Abeba, le pr\u00e9sident de la Commission de l&#8217;organisation continentale, le Djiboutien Mahamoud Ali Youssouf, a exig\u00e9 que cesse ce qu&#8217;il d\u00e9signe comme l&#8217;<em>&#8220;extermination&#8221;<\/em> du peuple palestinien.<\/p>\n<p><em>&#8220;Au Moyen-Orient, la Palestine et la souffrance de son peuple interpellent aussi nos consciences. L&#8217;extermination de ce peuple doit cesser&#8221;<\/em>, a d\u00e9clar\u00e9 Mahamoud Ali Youssouf, \u00e9lu \u00e0 la t\u00eate de l&#8217;institution en 2025 pour un mandat de quatre ans.<\/p>\n<h2>71.667 d\u00e9c\u00e8s c\u00f4t\u00e9 palestinien selon les autorit\u00e9s gazaouies<\/h2>\n<p>La bande de Gaza, petit territoire cern\u00e9 par Isra\u00ebl, l&#8217;\u00c9gypte et la mer M\u00e9diterran\u00e9e, est soumise \u00e0 un si\u00e8ge isra\u00e9lien tr\u00e8s strict depuis le d\u00e9but de la guerre d\u00e9clench\u00e9e par l&#8217;attaque meurtri\u00e8re du Hamas le 7 octobre 2023.<\/p>\n<p>Cette attaque a entra\u00een\u00e9 la mort de 1.221 personnes du c\u00f4t\u00e9 isra\u00e9lien, en majorit\u00e9 des civils, selon un d\u00e9compte de l&#8217;AFP \u00e9tabli \u00e0 partir de donn\u00e9es officielles. Depuis cette date, au moins 71.667 Palestiniens ont \u00e9t\u00e9 tu\u00e9s dans le petit territoire c\u00f4tier par la campagne militaire isra\u00e9lienne de repr\u00e9sailles, selon le minist\u00e8re de la Sant\u00e9 de Gaza.<\/p>\n<h2><em>&#8220;Faire taire les armes sur notre continent peine \u00e0 aboutir&#8221;<\/em><\/h2>\n<p>Le chef de la Commission de l&#8217;UA a \u00e9galement \u00e9voqu\u00e9 les conflits en cours sur le continent africain. <em>&#8220;Du Soudan au Sahel, \u00e0 l&#8217;Est de la R\u00e9publique d\u00e9mocratique du Congo, en Somalie et ailleurs, nos populations continuent \u00e0 payer le prix fort de l&#8217;instabilit\u00e9&#8221;<\/em>, a-t-il affirm\u00e9.<\/p>\n<p class=\"relire relirelast\"><strong>(Re)lire <\/strong><a title=\"Conflits arm\u00e9s, coup d'\u00c9tats... Au sommet de l'Union africaine \u00e0 Addis Abeba, de nombreux d\u00e9fis mais peu d'avanc\u00e9es attendues\" href=\"https:\/\/information.tv5monde.com\/afrique\/conflits-armes-coup-detats-au-sommet-de-lunion-africaine-addis-abeba-de-nombreux-defis-mais-peu-davancees-attendues-2809579?amp=\" data-entity-type=\"node\" data-entity-uuid=\"577cfb52-47c0-413e-a588-39d199864c85\" data-entity-substitution=\"canonical\"><strong>Conflits arm\u00e9s, coup d&#8217;\u00c9tats&#8230; Au sommet de l&#8217;Union africaine \u00e0 Addis Abeba, de nombreux d\u00e9fis mais peu d&#8217;avanc\u00e9es attendues<\/strong><\/a><\/p>\n<p><em>&#8220;Faire taire les armes sur notre continent peine \u00e0 aboutir. La fragilit\u00e9 politique et institutionnelle d&#8217;un certain nombre de nos pays nous pr\u00e9occupe. Les conflits ouverts ou latents deviennent chroniques&#8221;<\/em>, a-t-il poursuivi. Le sommet de l&#8217;UA r\u00e9unit ce week-end les dirigeants du continent \u00e0 Addis Abeba, la capitale \u00e9thiopienne.<\/p>\n<\/div>\n<p>https:\/\/information.tv5monde.com\/afrique\/lextermination-du-peuple-palestinien-doit-cesser-au-sommet-de-lunion-africaine-lappel-du-president-de-la-commission-2809686?amp<\/p>\n","protected":false},"excerpt":{"rendered":"<p>Le 39e sommet annuel de l&#8217;Union africaine (UA) s&#8217;est ouvert samedi 14 f\u00e9vrier \u00e0 Addis Abeba, en \u00c9thiopie. \u00c0 cette occasion, le pr\u00e9sident de la Commission de l&#8217;UA, le Djiboutien Mahamoud Ali Youssouf, a appel\u00e9 \u00e0 mettre fin \u00e0 ce qu&#8217;il qualifie d&#8217;&#8220;extermination&#8221; du peuple palestinien. En ouvrant le 39e sommet annuel de l&#8217;Union africaine &hellip;<\/p>\n","protected":false},"author":2,"featured_media":20523,"comment_status":"open","ping_status":"open","sticky":false,"template":"","format":"standard","meta":{"footnotes":""},"categories":[18,29],"tags":[],"class_list":["post-20522","post","type-post","status-publish","format-standard","has-post-thumbnail","hentry","category-actualites","category-monde"],"_links":{"self":[{"href":"https:\/\/ladepeche.mr\/index.php?rest_route=\/wp\/v2\/posts\/20522","targetHints":{"allow":["GET"]}}],"collection":[{"href":"https:\/\/ladepeche.mr\/index.php?rest_route=\/wp\/v2\/posts"}],"about":[{"href":"https:\/\/ladepeche.mr\/index.php?rest_route=\/wp\/v2\/types\/post"}],"author":[{"embeddable":true,"href":"https:\/\/ladepeche.mr\/index.php?rest_route=\/wp\/v2\/users\/2"}],"replies":[{"embeddable":true,"href":"https:\/\/ladepeche.mr\/index.php?rest_route=%2Fwp%2Fv2%2Fcomments&post=20522"}],"version-history":[{"count":1,"href":"https:\/\/ladepeche.mr\/index.php?rest_route=\/wp\/v2\/posts\/20522\/revisions"}],"predecessor-version":[{"id":20524,"href":"https:\/\/ladepeche.mr\/index.php?rest_route=\/wp\/v2\/posts\/20522\/revisions\/20524"}],"wp:featuredmedia":[{"embeddable":true,"href":"https:\/\/ladepeche.mr\/index.php?rest_route=\/wp\/v2\/media\/20523"}],"wp:attachment":[{"href":"https:\/\/ladepeche.mr\/index.php?rest_route=%2Fwp%2Fv2%2Fmedia&parent=20522"}],"wp:term":[{"taxonomy":"category","embeddable":true,"href":"https:\/\/ladepeche.mr\/index.php?rest_route=%2Fwp%2Fv2%2Fcategories&post=20522"},{"taxonomy":"post_tag","embeddable":true,"href":"https:\/\/ladepeche.mr\/index.php?rest_route=%2Fwp%2Fv2%2Ftags&post=20522"}],"curies":[{"name":"wp","href":"https:\/\/api.w.org\/{rel}","templated":true}]}}