{"id":20569,"date":"2026-02-18T20:06:24","date_gmt":"2026-02-18T20:06:24","guid":{"rendered":"https:\/\/ladepeche.mr\/?p=20569"},"modified":"2026-02-18T20:06:24","modified_gmt":"2026-02-18T20:06:24","slug":"le-conseil-des-ministres-affirme-que-la-visite-du-president-de-la-republique-au-gorgol-a-constitue-une-etape-marquante-a-tous-points-de-vue","status":"publish","type":"post","link":"https:\/\/ladepeche.mr\/?p=20569","title":{"rendered":"Le Conseil des ministres affirme que la visite du Pr\u00e9sident de la R\u00e9publique au Gorgol a constitu\u00e9 une \u00e9tape marquante \u00e0 tous points de vue"},"content":{"rendered":"<p>Le Conseil des Ministres s\u2019est r\u00e9uni le mercredi 18 f\u00e9vrier 2026, sous la Pr\u00e9sidence de Son Excellence Monsieur Mohamed OULD CHEIKH EL-GHAZOUANI, Pr\u00e9sident de la R\u00e9publique.<\/p>\n<p>Le Conseil a examin\u00e9 et adopt\u00e9 les projets de textes suivants :<\/p>\n<p>\u2013 Projet de d\u00e9cret portant nomination du Pr\u00e9sident et des membres du Conseil d\u2019Administration de l\u2019Institut Sup\u00e9rieur de la Magistrature et des M\u00e9tiers de la Justice (ISMM).<\/p>\n<p>\u2013 Projet de d\u00e9cret portant nomination du Pr\u00e9sident du Conseil d\u2019Administration de l\u2019Institut Sup\u00e9rieur de Comptabilit\u00e9 et d\u2019Administration des Entreprises (ISCAE).<\/p>\n<p>\u2013 Projet de d\u00e9cret portant nomination du Pr\u00e9sident et des membres du Conseil d\u2019Administration de l\u2019Institut Sup\u00e9rieur Professionnel de Langues, de Traduction et d\u2019Interpr\u00e9tation (ISPLTI).<\/p>\n<p>\u2013 Projet de d\u00e9cret fixant les modalit\u00e9s et les conditions d\u2019obtention de chaque cat\u00e9gorie de permis num\u00e9rique de construire ainsi que les modes de paiement des frais y aff\u00e9rents.<\/p>\n<p>Le projet de d\u00e9cret vise \u00e0 \u00e9tablir une plateforme num\u00e9rique unique, accessible en ligne, pour la d\u00e9livrance des permis de construire, ce qui repr\u00e9sente une avanc\u00e9e majeure pour l\u2019am\u00e9lioration des services aux citoyens.<\/p>\n<p>Les objectifs de cette plateforme num\u00e9rique unique sont les suivants :<\/p>\n<p>\u2013 Garantir le strict respect des lois et r\u00e9glementations applicables en mati\u00e8re d\u2019urbanisme, de construction et de normes de s\u00e9curit\u00e9 ;<\/p>\n<p>\u2013 R\u00e9glementer et structurer l\u2019utilisation des sols en milieu urbain ;<\/p>\n<p>\u2013 Faciliter l\u2019acc\u00e8s des citoyens aux services publics ;<\/p>\n<p>\u2013 Promouvoir la d\u00e9centralisation et r\u00e9duire les d\u00e9lais de traitement des dossiers administratifs ;<\/p>\n<p>\u2013 Num\u00e9riser les proc\u00e9dures administratives ;<\/p>\n<p>\u2013 Assurer l\u2019int\u00e9grit\u00e9 et la s\u00e9curit\u00e9 des donn\u00e9es, ainsi que le suivi des processus ;<\/p>\n<p>\u2013 All\u00e9ger la charge administrative ;<\/p>\n<p>\u2013 Moderniser les modes de paiement afin d\u2019assurer une plus grande transparence et une meilleure tra\u00e7abilit\u00e9 dans la gestion des recettes.<\/p>\n<p>\u2013 Projet de d\u00e9cret portant application de la loi 2023-031 du 14 d\u00e9cembre 2023, relative \u00e0 la gestion des d\u00e9chets solides.<\/p>\n<p>Ce projet de d\u00e9cret vise \u00e0 d\u00e9finir les proc\u00e9dures applicables \u00e0 l\u2019ensemble de la cha\u00eene de gestion des d\u00e9chets solides, depuis leur production ou leur acquisition, en passant par leur collecte et leur transport, jusqu\u2019\u00e0 leur traitement et leur \u00e9limination finale. Il est conforme aux dispositions de la loi n\u00b0 2023-031 du 14 d\u00e9cembre 2023 relative \u00e0 la gestion des d\u00e9chets solides.<\/p>\n<p>Par ailleurs, au regard des r\u00e9sultats de la visite de travail effectu\u00e9e par Son Excellence le Pr\u00e9sident de la R\u00e9publique dans la wilaya du Gorgol, couvrant l\u2019ensemble de ses cinq moughataas, du 8 au 13 f\u00e9vrier 2026, le Conseil des ministres a exprim\u00e9 ses remerciements et ses chaleureuses f\u00e9licitations \u00e0 l\u2019ensemble des populations de la wilaya, et plus particuli\u00e8rement \u00e0 celles de chaque moughataa, pour la mobilisation remarquable et l\u2019accueil chaleureux r\u00e9serv\u00e9s \u00e0 Son Excellence le Pr\u00e9sident de la R\u00e9publique et \u00e0 la d\u00e9l\u00e9gation qui l\u2019accompagnait.<\/p>\n<p>Cette visite historique d\u2019envergure a constitu\u00e9 une \u00e9tape politique et de d\u00e9veloppement majeure et a port\u00e9 des messages clairs quant aux priorit\u00e9s de la phase actuelle. Elle a \u00e9galement renouvel\u00e9 la port\u00e9e symbolique de la wilaya en tant que berceau de grands projets de r\u00e9forme, r\u00e9affirm\u00e9 la primaut\u00e9 de l\u2019unit\u00e9 nationale fond\u00e9e sur la citoyennet\u00e9 et la reconnaissance de la diversit\u00e9, renforc\u00e9 l\u2019approche de la justice sociale \u00e0 travers l\u2019attention accord\u00e9e aux couches vuln\u00e9rables et la lutte contre les in\u00e9galit\u00e9s. Comme elle a impuls\u00e9 la formation professionnelle et la s\u00e9curit\u00e9 alimentaire comme deux leviers essentiels du d\u00e9veloppement durable, et fait de la culture de l\u2019apaisement et du dialogue politique comme option strat\u00e9gique dans la gestion des affaires publiques.<\/p>\n<p>La visite a ainsi permis d\u2019envoyer des messages politiques, sociaux et \u00e9conomiques coh\u00e9rents et int\u00e9gr\u00e9s, affirmant que le d\u00e9veloppement ne saurait se r\u00e9duire \u00e0 des projets isol\u00e9s, mais repose sur une vision globale articulant citoyennet\u00e9, justice, souverainet\u00e9 et unit\u00e9 nationale.<\/p>\n<p>Le Ministre des Affaires Etrang\u00e8res, de la Coop\u00e9ration Africaine et des Mauritaniens de l\u2019Ext\u00e9rieur a pr\u00e9sent\u00e9 une communication relative \u00e0 la situation internationale.<\/p>\n<p>Le Ministre de l\u2019Int\u00e9rieur, de la Promotion de la D\u00e9centralisation et du D\u00e9veloppement Local a pr\u00e9sent\u00e9 une communication relative \u00e0 la situation int\u00e9rieure.<\/p>\n<p>Le Ministre des Affaires Islamiques et de l\u2019Enseignement Originel, le Ministre de la Formation Professionnelle de l\u2019Artisanat et des M\u00e9tiers et le Ministre des Finances ont pr\u00e9sent\u00e9 une communication conjointe relative \u00e0 la restructuration du Centre de formation professionnelle des Mahadras \u00e0 Nouakchott.<\/p>\n<p>Cette communication a pour objet de pr\u00e9senter le Centre de Formation Professionnelle des Mahadras et son r\u00f4le au sein du dispositif national de formation professionnelle, et fournir un diagnostic complet de la situation du Centre, couvrant les aspects mat\u00e9riels, immat\u00e9riels et p\u00e9dagogiques.<\/p>\n<p>Elle d\u00e9finit \u00e9galement les orientations strat\u00e9giques de nature \u00e0 d\u00e9velopper le Centre et \u00e0 le reclasser en tant que centre de r\u00e9f\u00e9rence, conform\u00e9ment aux normes nationales de la formation technique et professionnelle.<\/p>\n<p>Le Ministre de la P\u00eache, des Infrastructures Maritimes et Portuaires a pr\u00e9sent\u00e9 une communication relative \u00e0 la mise en exploitation, \u00e0 la gestion et au d\u00e9veloppement du Port multifonction de N\u2019Diago.<\/p>\n<p>Compte tenu des investissements publics importants dans le port, du potentiel existant dans plusieurs secteurs et des enjeux de d\u00e9veloppement \u00e9conomique, la pr\u00e9sente communication vise \u00e0 affirmer le caract\u00e8re strat\u00e9gique et prioritaire de ce projet dans le cadre d\u2019un partenariat public-priv\u00e9, en adoptant une approche int\u00e9gr\u00e9e fond\u00e9e sur :<\/p>\n<p>\u2022 Un mod\u00e8le de gestion performant ;<\/p>\n<p>\u2022 L\u2019activation coordonn\u00e9e des services de base ;<\/p>\n<p>\u2022 La clarification du r\u00e9gime foncier ;<\/p>\n<p>\u2022 Une politique tarifaire et r\u00e9glementaire attractive ; et<\/p>\n<p>\u2022 La mise en place par l\u2019op\u00e9rateur priv\u00e9 de tout l\u2019outillage portuaire n\u00e9cessaire, garantissant manutention, logistique et viabilit\u00e9 \u00e9conomique.<\/p>\n<p>Enfin, le Conseil a pris les mesures individuelles suivantes :<\/p>\n<p>Minist\u00e8re de la Formation Professionnelle, de l\u2019Artisanat et des M\u00e9tiers<\/p>\n<p>Cabinet du Ministre<\/p>\n<p>\u2013 Conseiller Charg\u00e9 de l\u2019\u00c9conomie Sociale et Solidaire : Modi Wassa, Ing\u00e9nieur<\/p>\n<p>Administration Centrale<\/p>\n<p>Direction G\u00e9n\u00e9rale de la Formation Technique et Professionnelle<\/p>\n<p>\u2013 Directeur G\u00e9n\u00e9ral : Mohamed Lemine Ould Seyid, pr\u00e9c\u00e9demment Directeur de l\u2019Institut National pour la Promotion de la Formation Technique et Professionnelle<\/p>\n<p>Etablissements Publics<\/p>\n<p>Agence Nationale de la Formation Professionnelle<\/p>\n<p>\u2013 Directeur G\u00e9n\u00e9ral : Mahfoudh Ould Ibrahim, pr\u00e9c\u00e9demment Conseiller \u00e0 la Pr\u00e9sidence de la R\u00e9publique<\/p>\n<p>\u2013 Directeur G\u00e9n\u00e9ral Adjoint : Mahfoudh Abderrahmane Habib, pr\u00e9c\u00e9demment Directeur G\u00e9n\u00e9ral de la Formation Technique et Professionnelle<\/p>\n<p>Agence Nationale de l\u2019Artisanat<\/p>\n<p>\u2013 Directeur G\u00e9n\u00e9ral : Abed Daim Ould Noune, pr\u00e9c\u00e9demment Conseiller Charg\u00e9 de l\u2019Economie Sociale et Solidaire.<\/p>\n<p>Ministre des Affaires Islamiques et de l\u2019Enseignement Originel<\/p>\n<p>Cabinet du Ministre<\/p>\n<p>Charges des Missions :<\/p>\n<p>\u2013 Diallo Amadou Niand\u00e9, pr\u00e9c\u00e9demment Directeur R\u00e9gional du Minist\u00e8re des Affaires Islamiques et de de l\u2019Enseignement Originel dans la Wilaya de Guidimagha ;<\/p>\n<p>\u2013 Salma Bachir Bakari, Titulaire d\u2019une ma\u00eetrise en Sociologie, pr\u00e9c\u00e9demment cadre au m\u00eame minist\u00e8re,<\/p>\n<p>Inspection G\u00e9n\u00e9rale<\/p>\n<p>\u2013 Inspecteur Issa Bouhamadi, pr\u00e9c\u00e9demment Directeur R\u00e9gional du Minist\u00e8re des Affaires Islamiques et de l\u2019Enseignement Originel dans la Wilaya de Tagant ;<\/p>\n<p>Administration Centrale<\/p>\n<p>Direction Charg\u00e9e des Institutions<\/p>\n<p>\u2013 Directeur : Mohamed Ould Ali, pr\u00e9c\u00e9demment Inspecteur au sein du m\u00eame minist\u00e8re.<\/p>\n<p>Minist\u00e8re des Finances<\/p>\n<p>Cabinet du Ministre<\/p>\n<p>Inspection G\u00e9n\u00e9rale des Finances<\/p>\n<p>\u2013 Inspecteur G\u00e9n\u00e9ral des Finances : Ahmed Jeddou Ould Sidi, titulaire d\u2019un dipl\u00f4me d\u2019Etudes Sup\u00e9rieures en Economie, pr\u00e9c\u00e9demment cadre au Minist\u00e8re de l\u2019\u00c9quipement et des Transports<\/p>\n<p>Minist\u00e8re de l\u2019Enseignement Sup\u00e9rieur et de la Recherche Scientifique<\/p>\n<p>Cabinet du Ministre<\/p>\n<p>\u2013 Charg\u00e9 de mission : Mohamed Lemine Cheikh Ahmed, professeur d\u2019Universit\u00e9 \u00e0 l\u2019\u00c9cole Normale Sup\u00e9rieure, en remplacement de Mohamed Lemine Haless, appel\u00e9 \u00e0 se consacrer \u00e0 l\u2019Enseignement.<\/p>\n<p>\u00c9tablissements publics<\/p>\n<p>Institut Sup\u00e9rieur de Comptabilit\u00e9 et d\u2019Administration des Entreprises (ISCAE)<\/p>\n<p>\u2013 Directeur : Saad Bouh Cheikh El Mehdi, pr\u00e9c\u00e9demment Directeur Adjoint de l\u2019Institut Sup\u00e9rieur de Comptabilit\u00e9 et d\u2019Administration des Entreprises (ISCAE), en remplacement de Sidi Mohamed Abde Daim, appel\u00e9 \u00e0 se consacrer \u00e0 l\u2019Enseignement.<\/p>\n<p>Centre National des \u0152uvres Universitaires<\/p>\n<p>\u2013 Directeur Adjoint : Ing\u00e9nieur Mustapha Cheikh Mehdi Meyara, en remplacement de Mami Diop, admis \u00e0 faire valoir ses droits \u00e0 la retraite.<\/p>\n<p>Minist\u00e8re de l\u2019\u00c9levage<\/p>\n<p>Cabinet du Ministre<\/p>\n<p>\u2013 Charg\u00e9 de mission : Jemal Keboud<\/p>\n<p>Commission D\u00e9partementale des March\u00e9s Publics du Minist\u00e8re de l\u2019\u00e9levage<\/p>\n<p>\u2013 Pr\u00e9sident : Cheikh Ben Maaly Moine.<\/p>\n<p>Etablissements Publics<\/p>\n<p>Centrale d\u2019Achat des Intrants de l\u2019Elevage (CAIE)<\/p>\n<p>\u2013 Directeur : Dr Camara Codor\u00e9<\/p>\n<p>Minist\u00e8re de l\u2019\u00c9quipement et des Transports<\/p>\n<p>Cabinet du Ministre<\/p>\n<p>Inspection Interne<\/p>\n<p>\u2013 Inspecteur : Sidina El Hacen Boudgue, pr\u00e9c\u00e9demment Chef Service \u00e0 la D\u00e9l\u00e9gation G\u00e9n\u00e9rale \u00e0 la Solidarit\u00e9 Nationale et la Lutte contre l\u2019Exclusion \u00ab Taazour \u00bb<\/p>\n<p>Administration Centrale<\/p>\n<p>Direction des Etudes et d\u2019Infrastructures<\/p>\n<p>\u2013 Directeur : Mohamed Zerrough, pr\u00e9c\u00e9demment Ing\u00e9nieur au m\u00eame minist\u00e8re<br \/>\nAmi<\/p>\n","protected":false},"excerpt":{"rendered":"<p>Le Conseil des Ministres s\u2019est r\u00e9uni le mercredi 18 f\u00e9vrier 2026, sous la Pr\u00e9sidence de Son Excellence Monsieur Mohamed OULD CHEIKH EL-GHAZOUANI, Pr\u00e9sident de la R\u00e9publique. Le Conseil a examin\u00e9 et adopt\u00e9 les projets de textes suivants : \u2013 Projet de d\u00e9cret portant nomination du Pr\u00e9sident et des membres du Conseil d\u2019Administration de l\u2019Institut Sup\u00e9rieur &hellip;<\/p>\n","protected":false},"author":2,"featured_media":19549,"comment_status":"open","ping_status":"open","sticky":false,"template":"","format":"standard","meta":{"footnotes":""},"categories":[18,31],"tags":[],"class_list":["post-20569","post","type-post","status-publish","format-standard","has-post-thumbnail","hentry","category-actualites","category-politique-et-reportages"],"_links":{"self":[{"href":"https:\/\/ladepeche.mr\/index.php?rest_route=\/wp\/v2\/posts\/20569","targetHints":{"allow":["GET"]}}],"collection":[{"href":"https:\/\/ladepeche.mr\/index.php?rest_route=\/wp\/v2\/posts"}],"about":[{"href":"https:\/\/ladepeche.mr\/index.php?rest_route=\/wp\/v2\/types\/post"}],"author":[{"embeddable":true,"href":"https:\/\/ladepeche.mr\/index.php?rest_route=\/wp\/v2\/users\/2"}],"replies":[{"embeddable":true,"href":"https:\/\/ladepeche.mr\/index.php?rest_route=%2Fwp%2Fv2%2Fcomments&post=20569"}],"version-history":[{"count":1,"href":"https:\/\/ladepeche.mr\/index.php?rest_route=\/wp\/v2\/posts\/20569\/revisions"}],"predecessor-version":[{"id":20570,"href":"https:\/\/ladepeche.mr\/index.php?rest_route=\/wp\/v2\/posts\/20569\/revisions\/20570"}],"wp:featuredmedia":[{"embeddable":true,"href":"https:\/\/ladepeche.mr\/index.php?rest_route=\/wp\/v2\/media\/19549"}],"wp:attachment":[{"href":"https:\/\/ladepeche.mr\/index.php?rest_route=%2Fwp%2Fv2%2Fmedia&parent=20569"}],"wp:term":[{"taxonomy":"category","embeddable":true,"href":"https:\/\/ladepeche.mr\/index.php?rest_route=%2Fwp%2Fv2%2Fcategories&post=20569"},{"taxonomy":"post_tag","embeddable":true,"href":"https:\/\/ladepeche.mr\/index.php?rest_route=%2Fwp%2Fv2%2Ftags&post=20569"}],"curies":[{"name":"wp","href":"https:\/\/api.w.org\/{rel}","templated":true}]}}