{"id":20577,"date":"2026-02-19T13:20:27","date_gmt":"2026-02-19T13:20:27","guid":{"rendered":"https:\/\/ladepeche.mr\/?p=20577"},"modified":"2026-02-19T13:20:27","modified_gmt":"2026-02-19T13:20:27","slug":"nomination-du-president-et-des-membres-du-conseil-des-professionnels-de-lart-en-mauritanie","status":"publish","type":"post","link":"https:\/\/ladepeche.mr\/?p=20577","title":{"rendered":"Nomination du pr\u00e9sident et des membres du Conseil des professionnels de l\u2019art en Mauritanie"},"content":{"rendered":"<p>Le ministre de la Culture, des Arts, de la Communication et des Relations avec le Parlement a rendu public, M. El Housseine Ould Meddou, a rendu public, mercredi, un arr\u00eat\u00e9 portant nomination du pr\u00e9sident et des membres du Conseil des professionnels de l\u2019art en Mauritanie.<\/p>\n<p>En vertu de cet arr\u00eat\u00e9, M. Ahmed Sidaty Abbe a \u00e9t\u00e9 nomm\u00e9 pr\u00e9sident du Conseil des professionnels de l\u2019art en Mauritanie.<\/p>\n<p>Les membres du Conseil sont:<\/p>\n<p>\u2013 M. Abderrahmane Lahi (rapporteur), le directeur des arts,<\/p>\n<p>\u2013 M. Ebnou Mokhtar,<\/p>\n<p>\u2013 Mme Hafsa Boukoum, repr\u00e9sentante des syndicats professionnels et des associations artistiques actives dans le domaine de la musique,<\/p>\n<p>\u2013 M. Baba Mini, repr\u00e9sentant des syndicats professionnels et des associations artistiques actives dans le domaine du th\u00e9\u00e2tre,<\/p>\n<p>\u2013 M. Mohamed El Moustapha Brahim, repr\u00e9sentant des syndicats professionnels et des associations artistiques actives dans le domaine du cin\u00e9ma,<\/p>\n<p>\u2013 Mme Seyida Mint Maata, repr\u00e9sentante des syndicats professionnels et des associations artistiques actives dans le domaine des arts plastiques.<\/p>\n<p>La cr\u00e9ation de ce Conseil s\u2019inscrit dans le cadre de l\u2019organisation et de l\u2019encadrement du champ artistique national, et du renforcement de la repr\u00e9sentativit\u00e9 des professionnels, contribuant ainsi au d\u00e9veloppement des industries culturelles et cr\u00e9atives, et \u00e0 l\u2019enracinement de la gouvernance dans la gestion des affaires artistiques, en coh\u00e9rence avec les orientations g\u00e9n\u00e9rales des autorit\u00e9s publiques, en concr\u00e9tisation des aspirations de Son Excellence le Pr\u00e9sident de la R\u00e9publique, Monsieur Mohamed Ould Cheikh El Ghazouani, en mati\u00e8re de promotion de la culture et des arts, de renforcement des acteurs du domaine pour qu\u2019ils puissent jouer leur r\u00f4le de d\u00e9veloppement et de civilisation.<\/p>\n<p>La mission du Conseil consiste, notamment, \u00e0 donner son avis sur les politiques et programmes relatifs au secteur des arts, \u00e0 proposer des m\u00e9canismes pour organiser et encadrer les professions artistiques, \u00e0 contribuer \u00e0 l\u2019\u00e9laboration de normes professionnelles et \u00e9thiques pour l\u2019exercice des activit\u00e9s artistiques, ainsi qu\u2019\u00e0 \u00e9tudier les probl\u00e8mes pos\u00e9s par le secteur et \u00e0 proposer des solutions appropri\u00e9es.<\/p>\n<p>Le Conseil est, \u00e9galement, charg\u00e9 de renforcer la concertation entre les diff\u00e9rents acteurs du domaine artistique, et de soutenir les initiatives visant \u00e0 d\u00e9velopper les capacit\u00e9s professionnelles et \u00e0 am\u00e9liorer la situation des artistes.<\/p>\n<p>Ami<\/p>\n","protected":false},"excerpt":{"rendered":"<p>Le ministre de la Culture, des Arts, de la Communication et des Relations avec le Parlement a rendu public, M. El Housseine Ould Meddou, a rendu public, mercredi, un arr\u00eat\u00e9 portant nomination du pr\u00e9sident et des membres du Conseil des professionnels de l\u2019art en Mauritanie. En vertu de cet arr\u00eat\u00e9, M. Ahmed Sidaty Abbe a &hellip;<\/p>\n","protected":false},"author":2,"featured_media":20578,"comment_status":"open","ping_status":"open","sticky":false,"template":"","format":"standard","meta":{"footnotes":""},"categories":[18,15],"tags":[],"class_list":["post-20577","post","type-post","status-publish","format-standard","has-post-thumbnail","hentry","category-actualites","category-culture"],"_links":{"self":[{"href":"https:\/\/ladepeche.mr\/index.php?rest_route=\/wp\/v2\/posts\/20577","targetHints":{"allow":["GET"]}}],"collection":[{"href":"https:\/\/ladepeche.mr\/index.php?rest_route=\/wp\/v2\/posts"}],"about":[{"href":"https:\/\/ladepeche.mr\/index.php?rest_route=\/wp\/v2\/types\/post"}],"author":[{"embeddable":true,"href":"https:\/\/ladepeche.mr\/index.php?rest_route=\/wp\/v2\/users\/2"}],"replies":[{"embeddable":true,"href":"https:\/\/ladepeche.mr\/index.php?rest_route=%2Fwp%2Fv2%2Fcomments&post=20577"}],"version-history":[{"count":1,"href":"https:\/\/ladepeche.mr\/index.php?rest_route=\/wp\/v2\/posts\/20577\/revisions"}],"predecessor-version":[{"id":20579,"href":"https:\/\/ladepeche.mr\/index.php?rest_route=\/wp\/v2\/posts\/20577\/revisions\/20579"}],"wp:featuredmedia":[{"embeddable":true,"href":"https:\/\/ladepeche.mr\/index.php?rest_route=\/wp\/v2\/media\/20578"}],"wp:attachment":[{"href":"https:\/\/ladepeche.mr\/index.php?rest_route=%2Fwp%2Fv2%2Fmedia&parent=20577"}],"wp:term":[{"taxonomy":"category","embeddable":true,"href":"https:\/\/ladepeche.mr\/index.php?rest_route=%2Fwp%2Fv2%2Fcategories&post=20577"},{"taxonomy":"post_tag","embeddable":true,"href":"https:\/\/ladepeche.mr\/index.php?rest_route=%2Fwp%2Fv2%2Ftags&post=20577"}],"curies":[{"name":"wp","href":"https:\/\/api.w.org\/{rel}","templated":true}]}}