{"id":20580,"date":"2026-02-19T13:34:58","date_gmt":"2026-02-19T13:34:58","guid":{"rendered":"https:\/\/ladepeche.mr\/?p=20580"},"modified":"2026-02-19T13:34:58","modified_gmt":"2026-02-19T13:34:58","slug":"les-pasteques-mauritaniennes-bloquees-aux-portes-du-maroc","status":"publish","type":"post","link":"https:\/\/ladepeche.mr\/?p=20580","title":{"rendered":"Les past\u00e8ques mauritaniennes bloqu\u00e9es aux portes du Maroc"},"content":{"rendered":"<p>Malgr\u00e9 une forte demande li\u00e9e \u00e0 l\u2019approche du ramadan, les <a class=\"spip_in\" href=\"https:\/\/www.bladi.net\/zagora-champs-pasteques-melons-detruits,106631.html\">past\u00e8ques mauritaniennes<\/a>\u00a0n\u2019arrivent pas \u00e0 int\u00e9grer le march\u00e9 marocain. En cause, des droits de douane jug\u00e9s prohibitifs qui poussent les exportateurs \u00e0 se tourner massivement vers l\u2019Europe.<\/p>\n<p>Si les deux gouvernements ont r\u00e9cemment scell\u00e9 un accord autorisant ce commerce transfrontalier, les conditions tarifaires actuelles rendent l\u2019op\u00e9ration financi\u00e8rement non rentable. Les frais douaniers s\u2019\u00e9l\u00e8vent \u00e0 pr\u00e8s de 90 000 dirhams par conteneur de 24 tonnes, propulsant le prix de vente final hors de port\u00e9e des consommateurs locaux. R\u00e9sultat : apr\u00e8s une premi\u00e8re tentative d\u00e9ficitaire l\u2019an dernier, les exp\u00e9ditions vers le<br \/>\nRoyaume sont totalement au point mort cette saison.<br \/>\nCette situation frustre les producteurs bas\u00e9s en Mauritanie \u2013 parmi lesquels figurent de nombreux investisseurs marocains \u2013 qui rappellent que leur r\u00e9colte pr\u00e9coce ne concurrence nullement la production nationale marocaine. En attendant une \u00e9ventuelle r\u00e9vision \u00e0 la baisse de ces taxes, cette production certifi\u00e9e trouve un d\u00e9bouch\u00e9 fluide et lucratif dans l\u2019Union europ\u00e9enne. Les exportateurs y exp\u00e9dient actuellement plusieurs conteneurs par jour, la demande continentale restant tr\u00e8s forte pendant le ramadan malgr\u00e9 des temp\u00e9ratures hivernales.<\/p>\n<p><a href=\"https:\/\/www.bladi.net\/pasteques-mauritaniennes-bloquees-portes-maroc,119559.html\">Les past\u00e8ques mauritaniennes bloqu\u00e9es aux portes du Maroc<\/a><\/p>\n","protected":false},"excerpt":{"rendered":"<p>Malgr\u00e9 une forte demande li\u00e9e \u00e0 l\u2019approche du ramadan, les past\u00e8ques mauritaniennes\u00a0n\u2019arrivent pas \u00e0 int\u00e9grer le march\u00e9 marocain. En cause, des droits de douane jug\u00e9s prohibitifs qui poussent les exportateurs \u00e0 se tourner massivement vers l\u2019Europe. Si les deux gouvernements ont r\u00e9cemment scell\u00e9 un accord autorisant ce commerce transfrontalier, les conditions tarifaires actuelles rendent l\u2019op\u00e9ration &hellip;<\/p>\n","protected":false},"author":2,"featured_media":20581,"comment_status":"open","ping_status":"open","sticky":false,"template":"","format":"standard","meta":{"footnotes":""},"categories":[18,2],"tags":[],"class_list":["post-20580","post","type-post","status-publish","format-standard","has-post-thumbnail","hentry","category-actualites","category-economie"],"_links":{"self":[{"href":"https:\/\/ladepeche.mr\/index.php?rest_route=\/wp\/v2\/posts\/20580","targetHints":{"allow":["GET"]}}],"collection":[{"href":"https:\/\/ladepeche.mr\/index.php?rest_route=\/wp\/v2\/posts"}],"about":[{"href":"https:\/\/ladepeche.mr\/index.php?rest_route=\/wp\/v2\/types\/post"}],"author":[{"embeddable":true,"href":"https:\/\/ladepeche.mr\/index.php?rest_route=\/wp\/v2\/users\/2"}],"replies":[{"embeddable":true,"href":"https:\/\/ladepeche.mr\/index.php?rest_route=%2Fwp%2Fv2%2Fcomments&post=20580"}],"version-history":[{"count":1,"href":"https:\/\/ladepeche.mr\/index.php?rest_route=\/wp\/v2\/posts\/20580\/revisions"}],"predecessor-version":[{"id":20582,"href":"https:\/\/ladepeche.mr\/index.php?rest_route=\/wp\/v2\/posts\/20580\/revisions\/20582"}],"wp:featuredmedia":[{"embeddable":true,"href":"https:\/\/ladepeche.mr\/index.php?rest_route=\/wp\/v2\/media\/20581"}],"wp:attachment":[{"href":"https:\/\/ladepeche.mr\/index.php?rest_route=%2Fwp%2Fv2%2Fmedia&parent=20580"}],"wp:term":[{"taxonomy":"category","embeddable":true,"href":"https:\/\/ladepeche.mr\/index.php?rest_route=%2Fwp%2Fv2%2Fcategories&post=20580"},{"taxonomy":"post_tag","embeddable":true,"href":"https:\/\/ladepeche.mr\/index.php?rest_route=%2Fwp%2Fv2%2Ftags&post=20580"}],"curies":[{"name":"wp","href":"https:\/\/api.w.org\/{rel}","templated":true}]}}