{"id":20595,"date":"2026-02-20T11:07:48","date_gmt":"2026-02-20T11:07:48","guid":{"rendered":"https:\/\/ladepeche.mr\/?p=20595"},"modified":"2026-02-20T11:07:48","modified_gmt":"2026-02-20T11:07:48","slug":"homosexualite-le-gouvernement-senegalais-valide-un-projet-de-loi-pour-durcir-la-legislation-sur-les-actes-contre-nature","status":"publish","type":"post","link":"https:\/\/ladepeche.mr\/?p=20595","title":{"rendered":"Homosexualit\u00e9: le gouvernement s\u00e9n\u00e9galais valide un projet de loi pour durcir la l\u00e9gislation sur les \u00abactes contre nature\u00bb"},"content":{"rendered":"<p>Adopt\u00e9 en Conseil des ministres dans la soir\u00e9e du mercredi 18 f\u00e9vrier, le texte pr\u00e9voit d&#8217;alourdir les peines pr\u00e9vues pour les personnes reconnues coupables d&#8217;\u00ab\u00a0<em>actes contre nature<\/em>\u00a0\u00bb et de les \u00e9tendre aux organisations qui font \u00ab\u00a0<em>l&#8217;apologie<\/em>\u00a0\u00bb des relations homosexuelles. La nouvelle loi doit cependant encore recevoir l&#8217;approbation des d\u00e9put\u00e9s avant d&#8217;entrer en vigueur.<\/p>\n<p>C&#8217;\u00e9tait une promesse \u00e9lectorale du Pastef aujourd&#8217;hui au pouvoir : au\u00a0<strong><a class=\"gtm-add-suggested-tag\" href=\"https:\/\/www.rfi.fr\/fr\/tag\/s%C3%A9n%C3%A9gal\/\" target=\"_self\">S\u00e9n\u00e9gal<\/a><\/strong>, un projet de loi plus r\u00e9pressif contre l\u2019homosexualit\u00e9 a \u00e9t\u00e9 adopt\u00e9 en Conseil des ministres, dans la soir\u00e9e du mercredi 18 f\u00e9vrier. Port\u00e9 par le gouvernement, il pr\u00e9voit notamment de durcir les peines pr\u00e9vues dans l&#8217;article 319 du Code p\u00e9nal pour les personnes reconnues coupables d&#8217;actes dits \u00ab\u00a0<em>contre nature<\/em>\u00a0\u00bb, mais aussi de modifier la d\u00e9finition et d&#8217;interdire la promotion de ces derniers.<\/p>\n<p>Si ce nouveau texte propose de doubler les peines de prison &#8211; pour les porter \u00e0 dix ans &#8211; et d&#8217;alourdir les amendes &#8211; qui pourraient atteindre jusqu&#8217;\u00e0 10 millions de F CFA contre seulement 1,5 million actuellement &#8211; pr\u00e9vues jusqu&#8217;alors, sa grande nouveaut\u00e9 r\u00e9side dans l&#8217;extension de ces sanctions \u00e0 tous ceux qui se rendraient coupables d&#8217;\u00ab\u00a0<em>apologie\u00a0<\/em>\u00bb des relations homosexuelles.<\/p>\n<p>\u00ab<em>\u00a0Toutes les organisations qui tentent d&#8217;encourager, que\u00a0ce soit par des films de propagande, par le cin\u00e9ma, par la t\u00e9l\u00e9vision ou par l&#8217;\u00e9crit, la philosophie LGBT qui &#8211; je le rappelle &#8211; ne fait pas du tout partie des m\u0153urs, des coutumes et de la culture s\u00e9n\u00e9galaises,<\/em>\u00a0<em>sont concern\u00e9es\u00a0<\/em>\u00bb, pr\u00e9cise Amadou Ba, le ministre s\u00e9n\u00e9galais de la Culture, qui tient \u00e0 pr\u00e9ciser que le texte pr\u00e9voit aussi des sanctions contre toute \u00ab\u00a0<em>d\u00e9nonciation calomnieuse, pour qu&#8217;on ne puisse pas cibler quelqu&#8217;un parce qu&#8217;il aura un comportement suspect. Quiconque accusera<\/em>\u00a0<em>un individu\u00a0d&#8217;homosexualit\u00e9\u00a0sans en apporter la preuve sera passible d&#8217;une peine de deux \u00e0 trois ans de prison\u00a0et d&#8217;une amende de 200\u00a0000 \u00e0 500\u00a0000 F CFA<\/em>\u00a0\u00bb<em>.<\/em><\/p>\n<h2>\u00ab\u00a0<em>Homophobie politique<\/em>\u00a0\u00bb<\/h2>\n<p>Alors que cette annonce intervient une dizaine de jours apr\u00e8s l&#8217;arrestation de plusieurs hommes accus\u00e9s d&#8217; \u00ab\u00a0<em>actes contre nature\u00a0<\/em>\u00bb et de transmission volontaire du VIH dans le pays, plusieurs voix s&#8217;\u00e9l\u00e8vent d\u00e9sormais pour d\u00e9noncer une \u00ab<em>\u00a0traque<\/em>\u00a0\u00bb des personnes LGBT au S\u00e9n\u00e9gal, rapporte notre correspondante \u00e0 Dakar,\u00a0<strong>Pauline Le Troquier<\/strong>.<\/p>\n<p>Tel est par exemple le cas de ce jeune Dakarois exil\u00e9 en France depuis que son homosexualit\u00e9 a \u00e9t\u00e9 r\u00e9v\u00e9l\u00e9e dans son quartier. \u00ab\u00a0<em>Certaines personnes ont peur car elles se disent chaque jour un peu plus qu&#8217;elles risquent d&#8217;\u00eatre arr\u00eat\u00e9es.<\/em>\u00a0<em>Cette loi va encourager certaines personnes \u00e0 se rendre \u00e0 la police pour lui apporter des preuves. J\u2019ai peur pour mes amis et pour plusieurs personnes que je connais au pays<\/em>\u00a0\u00bb, confie-t-il.<\/p>\n<p>Bien que les contours du texte ne soient pas encore connus avec pr\u00e9cision, l&#8217;organisation de d\u00e9fense des droits humains Human Rights Watch a quant \u00e0 elle pris la parole pour critiquer ses cons\u00e9quences pr\u00e9visibles. \u00ab<em>\u00a0Cette nouvelle loi\u00a0propose notamment de criminaliser la promotion et le financement de l&#8217;homosexualit\u00e9&#8230;\u00a0Mais il s&#8217;agit l\u00e0 de termes tr\u00e8s g\u00e9n\u00e9raux, qui ne sont souvent pas bien d\u00e9finis l\u00e9galement, ce qui\u00a0risque d&#8217;ouvrir la voie \u00e0 de graves violations de la libert\u00e9 d&#8217;expression, de la libert\u00e9 d&#8217;association et de l&#8217;acc\u00e8s aux soins de sant\u00e9<\/em>\u00a0\u00bb, r\u00e9agit ainsi Alex M\u00fcller, la directrice des questions LGBT au sein de l&#8217;ONG. \u00ab\u00a0<em>Cela veut dire par exemple que les ONG qui luttent contre le sida pourraient bient\u00f4t ne plus \u00eatre en mesure de travailler, simplement parce qu&#8217;elles offrent des services de sant\u00e9 principalement \u00e0 des hommes qui ont des rapports sexuels avec d&#8217;autres hommes du fait qu&#8217;ils pr\u00e9sentent un risque plus \u00e9lev\u00e9 de transmission du VIH.\u00a0Ce \u00e0 quoi nous assistons, c&#8217;est donc \u00e0 de l&#8217;homophobie politique, autrement dit \u00e0 l&#8217;utilisation par un gouvernement des personnes LGBT comme des cibles pour d\u00e9tourner l&#8217;attention de la population d&#8217;autres pr\u00e9occupations<\/em>\u00a0\u00bb, s&#8217;insurge encore cette derni\u00e8re avant de demander \u00e0 l&#8217;ex\u00e9cutif s\u00e9n\u00e9galais\u00a0d\u2019abroger \u00ab\u00a0<em>les lois discriminatoires et homophobes<\/em>\u00a0\u00bb en vigueur dans le pays et de respecter ses engagements internationaux.<\/p>\n<p>Avant d\u2019\u00eatre d\u00e9finitivement adopt\u00e9e, le nouveau projet de loi doit encore \u00eatre soumis \u00e0 un vote des d\u00e9put\u00e9s.<\/p>\n<p>Rfi.fr<\/p>\n<p><a href=\"https:\/\/www.rfi.fr\/fr\/afrique\/20260220-s%C3%A9n%C3%A9gal-le-gouvernement-ent%C3%A9rine-un-projet-de-loi-visant-%C3%A0-durcir-la-l%C3%A9gislation-sur-l-homosexualit%C3%A9?utm_medium=email&amp;utm_campaign=newsletter&amp;utm_source=rfi-nl-afrique-fr&amp;utm_email_send_date=%2020260220&amp;utm_email_recipient=245770&amp;utm_email_link=contenus&amp;_ope=eyJndWlkIjoiOTMwMjIwNGY3ZmZhNzMxODU0NDI3OTA1ZjdiOTc4NGUifQ%3D%3D\">Homosexualit\u00e9: le gouvernement s\u00e9n\u00e9galais valide un projet de loi pour durcir la l\u00e9gislation sur les \u00abactes contre nature\u00bb &#8211; RFI<\/a><\/p>\n","protected":false},"excerpt":{"rendered":"<p>Adopt\u00e9 en Conseil des ministres dans la soir\u00e9e du mercredi 18 f\u00e9vrier, le texte pr\u00e9voit d&#8217;alourdir les peines pr\u00e9vues pour les personnes reconnues coupables d&#8217;\u00ab\u00a0actes contre nature\u00a0\u00bb et de les \u00e9tendre aux organisations qui font \u00ab\u00a0l&#8217;apologie\u00a0\u00bb des relations homosexuelles. La nouvelle loi doit cependant encore recevoir l&#8217;approbation des d\u00e9put\u00e9s avant d&#8217;entrer en vigueur. C&#8217;\u00e9tait une &hellip;<\/p>\n","protected":false},"author":2,"featured_media":20596,"comment_status":"open","ping_status":"open","sticky":false,"template":"","format":"standard","meta":{"footnotes":""},"categories":[18,29],"tags":[],"class_list":["post-20595","post","type-post","status-publish","format-standard","has-post-thumbnail","hentry","category-actualites","category-monde"],"_links":{"self":[{"href":"https:\/\/ladepeche.mr\/index.php?rest_route=\/wp\/v2\/posts\/20595","targetHints":{"allow":["GET"]}}],"collection":[{"href":"https:\/\/ladepeche.mr\/index.php?rest_route=\/wp\/v2\/posts"}],"about":[{"href":"https:\/\/ladepeche.mr\/index.php?rest_route=\/wp\/v2\/types\/post"}],"author":[{"embeddable":true,"href":"https:\/\/ladepeche.mr\/index.php?rest_route=\/wp\/v2\/users\/2"}],"replies":[{"embeddable":true,"href":"https:\/\/ladepeche.mr\/index.php?rest_route=%2Fwp%2Fv2%2Fcomments&post=20595"}],"version-history":[{"count":1,"href":"https:\/\/ladepeche.mr\/index.php?rest_route=\/wp\/v2\/posts\/20595\/revisions"}],"predecessor-version":[{"id":20597,"href":"https:\/\/ladepeche.mr\/index.php?rest_route=\/wp\/v2\/posts\/20595\/revisions\/20597"}],"wp:featuredmedia":[{"embeddable":true,"href":"https:\/\/ladepeche.mr\/index.php?rest_route=\/wp\/v2\/media\/20596"}],"wp:attachment":[{"href":"https:\/\/ladepeche.mr\/index.php?rest_route=%2Fwp%2Fv2%2Fmedia&parent=20595"}],"wp:term":[{"taxonomy":"category","embeddable":true,"href":"https:\/\/ladepeche.mr\/index.php?rest_route=%2Fwp%2Fv2%2Fcategories&post=20595"},{"taxonomy":"post_tag","embeddable":true,"href":"https:\/\/ladepeche.mr\/index.php?rest_route=%2Fwp%2Fv2%2Ftags&post=20595"}],"curies":[{"name":"wp","href":"https:\/\/api.w.org\/{rel}","templated":true}]}}