{"id":2061,"date":"2022-09-25T12:39:29","date_gmt":"2022-09-25T12:39:29","guid":{"rendered":"https:\/\/ladepeche.mr\/?p=2061"},"modified":"2022-09-25T17:19:36","modified_gmt":"2022-09-25T17:19:36","slug":"taleb-ould-abdi-vall-presomption-dinnocence","status":"publish","type":"post","link":"https:\/\/ladepeche.mr\/?p=2061","title":{"rendered":"Taleb Ould Abdi Vall, pr\u00e9somption d&#8217;innocence&#8230;?"},"content":{"rendered":"<p>Taleb Ould Abdi Vall, ancien ministre et ancien ADG de la Snim est au centre d\u2019une pol\u00e9mique juridico-financi\u00e8re relevant de la d\u00e9cennie Aziz. Selon un comit\u00e9 mis en place qui d\u00e9plorerait \u00ab son harc\u00e8lement judiciaire \u00bb, Ould Abdivall renvoy\u00e9 devant la Cour P\u00e9nale et mis sous contr\u00f4le judiciaire avait pourtant fait patte blanche en d\u00e9missionnant et en publiant l\u2019ensemble de son patrimoine y compris une maison qu\u2019il d\u00e9tiendrait en Espagne. Ses soutiens \u00e9voquent \u00ab la vacuit\u00e9 du dossier \u00bb et croient savoir qu\u2019\u2019il serait victime d\u2019un \u00ab acharnement politico-judiciaire \u00bb.<br \/>\nUn comit\u00e9 de soutien compos\u00e9 de Dr. CHEIKH HANENA, ORL, ancien S\u00e9nateur, Pr. MOHAMED BABA SAID, Professeur des Universit\u00e9s et Pr. OUTOUMA SOUMAR\u00c9, Neurochirurgien des h\u00f4pitaux et Professeur des Universit\u00e9s s\u2019est constitu\u00e9 pour lui dans cette affaire.<\/p>\n","protected":false},"excerpt":{"rendered":"<p>Taleb Ould Abdi Vall, ancien ministre et ancien ADG de la Snim est au centre d\u2019une pol\u00e9mique juridico-financi\u00e8re relevant de la d\u00e9cennie Aziz. Selon un comit\u00e9 mis en place qui d\u00e9plorerait \u00ab son harc\u00e8lement judiciaire \u00bb, Ould Abdivall renvoy\u00e9 devant la Cour P\u00e9nale et mis sous contr\u00f4le judiciaire avait pourtant fait patte blanche en d\u00e9missionnant &hellip;<\/p>\n","protected":false},"author":2,"featured_media":2062,"comment_status":"open","ping_status":"open","sticky":false,"template":"","format":"standard","meta":{"footnotes":""},"categories":[26],"tags":[],"class_list":["post-2061","post","type-post","status-publish","format-standard","has-post-thumbnail","hentry","category-en-panne"],"_links":{"self":[{"href":"https:\/\/ladepeche.mr\/index.php?rest_route=\/wp\/v2\/posts\/2061","targetHints":{"allow":["GET"]}}],"collection":[{"href":"https:\/\/ladepeche.mr\/index.php?rest_route=\/wp\/v2\/posts"}],"about":[{"href":"https:\/\/ladepeche.mr\/index.php?rest_route=\/wp\/v2\/types\/post"}],"author":[{"embeddable":true,"href":"https:\/\/ladepeche.mr\/index.php?rest_route=\/wp\/v2\/users\/2"}],"replies":[{"embeddable":true,"href":"https:\/\/ladepeche.mr\/index.php?rest_route=%2Fwp%2Fv2%2Fcomments&post=2061"}],"version-history":[{"count":2,"href":"https:\/\/ladepeche.mr\/index.php?rest_route=\/wp\/v2\/posts\/2061\/revisions"}],"predecessor-version":[{"id":2084,"href":"https:\/\/ladepeche.mr\/index.php?rest_route=\/wp\/v2\/posts\/2061\/revisions\/2084"}],"wp:featuredmedia":[{"embeddable":true,"href":"https:\/\/ladepeche.mr\/index.php?rest_route=\/wp\/v2\/media\/2062"}],"wp:attachment":[{"href":"https:\/\/ladepeche.mr\/index.php?rest_route=%2Fwp%2Fv2%2Fmedia&parent=2061"}],"wp:term":[{"taxonomy":"category","embeddable":true,"href":"https:\/\/ladepeche.mr\/index.php?rest_route=%2Fwp%2Fv2%2Fcategories&post=2061"},{"taxonomy":"post_tag","embeddable":true,"href":"https:\/\/ladepeche.mr\/index.php?rest_route=%2Fwp%2Fv2%2Ftags&post=2061"}],"curies":[{"name":"wp","href":"https:\/\/api.w.org\/{rel}","templated":true}]}}