{"id":20611,"date":"2026-02-21T16:00:29","date_gmt":"2026-02-21T16:00:29","guid":{"rendered":"https:\/\/ladepeche.mr\/?p=20611"},"modified":"2026-02-21T15:09:04","modified_gmt":"2026-02-21T15:09:04","slug":"mauritanie-lau-revoir-dune-amie-christine-bergougnous","status":"publish","type":"post","link":"https:\/\/ladepeche.mr\/?p=20611","title":{"rendered":"Mauritanie, l\u2019Au revoir d\u2019une amie (Christine Bergougnous)"},"content":{"rendered":"<p>Lorsque je suis arriv\u00e9e en Mauritanie au mois de janvier 2012, j\u2019ignorai que ma vie prendrait un autre tournant. Alors \u00e0 la recherche de la m\u00e9moire de mon p\u00e8re, qui avait rejoint la 1ere Compagnie Saharienne Motoris\u00e9e bas\u00e9e \u00e0 Fderick, mon chemin se laissa d\u00e9vier devant les nombreux cas d\u2019enfants qui n\u2019avaient pas acc\u00e8s aux soins m\u00e9dicaux.\u00a0 Face \u00e0 l\u2019hospitalit\u00e9 mauritanienne, mon c\u0153ur se retourna. Depuis 16 ans, j\u2019ai pu, avec le concours et la bienveillance de m\u00e9decins, chirurgiens, ong et amis, r\u00e9aliser quelques r\u00eaves. Aux \u00e9vacuations sanitaires ont succ\u00e9d\u00e9 la formation de quelques sp\u00e9cialistes, et la prise en charge des enfants mauritaniens dans leur propre pays.<\/p>\n<p>Notre plus grande victoire a \u00e9t\u00e9 le dossier de la greffe r\u00e9nale,\u00a0 gr\u00e2ce au Pr Lionel Rostaing, qui a greff\u00e9 les 3 premiers reins mauritaniens en \u00c9gypte et qui a soutenu les efforts des n\u00e9phrologues alg\u00e9riens et mauritaniens.<\/p>\n<p>Alors que je vais quitter Nouakchott, apr\u00e8s un mois consacr\u00e9 \u00e0 quelques cas urgents en p\u00e9diatrie, j\u2019ai le vif sentiment que la sant\u00e9 publique a fait un grand bond en avant et je m\u2019en r\u00e9jouis. Ayant \u00e9t\u00e9 sollicit\u00e9e \u00e0 quelques reprises par le hasard des rencontres, j\u2019ai pu voir de mes propres yeux m\u00e9decins, sp\u00e9cialistes et chirurgiens investis dans leur fonction avec un humanisme et professionnalisme hors du commun. Je leur adresse ma vive reconnaissance. J\u2019aimerais dire aux Mauritaniens la chance qu&#8217;ils ont, et leur demander de faire confiance au syst\u00e8me de sant\u00e9 publique. Je regrette cependant de n\u2019avoir pas pu rencontrer quelques neurologues car dans la pile des dossiers m\u00e9dicaux qui m\u2019ont \u00e9t\u00e9 confi\u00e9s, restent deux cas sans issue, celui de la mucopolysaccaridose et celui du Purpura thrombop\u00e9nique.<\/p>\n<p>A ce titre, j\u2019ai pu m\u2019adresser \u00e0 Mr le Ministre de la Sant\u00e9 qui a accept\u00e9 de me recevoir et de m\u2019\u00e9couter. Je le remercie sinc\u00e8rement pour sa disponibilit\u00e9 et je remercie \u00e9galement son chef de cabinet pour avoir r\u00e9pondu \u00e0 mes dol\u00e9ances.<\/p>\n<p>A tous les jeunes qui se lancent dans la voie de la m\u00e9decine et choisissent la sant\u00e9 publique, je dis bravo. A tous ceux qui r\u00eavent et rejoignent l\u2019Europe, je dis, revenez dans votre pays qui a cette particularit\u00e9 d\u2019\u00eatre hospitalier,\u00a0 paisible, et malgr\u00e9 les difficult\u00e9s rencontr\u00e9es, il ne m\u00e9rite pas d\u2019\u00eatre abandonn\u00e9. L\u2019Europe a beaucoup \u00e0 vous envier. En cette p\u00e9riode de Ramadan, je souhaite \u00e0 toutes et tous un vrai partage, une vraie solidarit\u00e9, une compassion d\u00e9nu\u00e9e de paroles et remplies d\u2019actes.<\/p>\n<p>Merci \u00e0 Dah Boushab, l\u2019\u00e9come des malvoyants, Jedna Deida, Ahmed Cheikh, Abderrahmane, Issa Fofana, Aichetou, Maimouna, Florence et Nadia, S\u0153ur Marie Ange et Fran\u00e7oise, Yacoub Salem Vall, Abdoulaye Fall, Saleck, Ibrahim,\u00a0 merci Dr Soumare et surtout merci Dr Kane, Dr Bellal, vos confr\u00e8res et cons\u0153urs, vos internes, et tout le personnel du Centre H\u00f4spitalier National, merci \u00e0 Maurilab et \u00e0 la Mauritanie de m\u2019avoir accueillie avec autant de gentillesse et de respect.\u00a0 Pardonnez-moi si j\u2019en ai oubli\u00e9.. inchallah, je reviendrai.<\/p>\n<p>&nbsp;<\/p>\n","protected":false},"excerpt":{"rendered":"<p>Lorsque je suis arriv\u00e9e en Mauritanie au mois de janvier 2012, j\u2019ignorai que ma vie prendrait un autre tournant. Alors \u00e0 la recherche de la m\u00e9moire de mon p\u00e8re, qui avait rejoint la 1ere Compagnie Saharienne Motoris\u00e9e bas\u00e9e \u00e0 Fderick, mon chemin se laissa d\u00e9vier devant les nombreux cas d\u2019enfants qui n\u2019avaient pas acc\u00e8s aux &hellip;<\/p>\n","protected":false},"author":2,"featured_media":20612,"comment_status":"open","ping_status":"open","sticky":false,"template":"","format":"standard","meta":{"footnotes":""},"categories":[18,27,19],"tags":[],"class_list":["post-20611","post","type-post","status-publish","format-standard","has-post-thumbnail","hentry","category-actualites","category-sante","category-tribune"],"_links":{"self":[{"href":"https:\/\/ladepeche.mr\/index.php?rest_route=\/wp\/v2\/posts\/20611","targetHints":{"allow":["GET"]}}],"collection":[{"href":"https:\/\/ladepeche.mr\/index.php?rest_route=\/wp\/v2\/posts"}],"about":[{"href":"https:\/\/ladepeche.mr\/index.php?rest_route=\/wp\/v2\/types\/post"}],"author":[{"embeddable":true,"href":"https:\/\/ladepeche.mr\/index.php?rest_route=\/wp\/v2\/users\/2"}],"replies":[{"embeddable":true,"href":"https:\/\/ladepeche.mr\/index.php?rest_route=%2Fwp%2Fv2%2Fcomments&post=20611"}],"version-history":[{"count":1,"href":"https:\/\/ladepeche.mr\/index.php?rest_route=\/wp\/v2\/posts\/20611\/revisions"}],"predecessor-version":[{"id":20613,"href":"https:\/\/ladepeche.mr\/index.php?rest_route=\/wp\/v2\/posts\/20611\/revisions\/20613"}],"wp:featuredmedia":[{"embeddable":true,"href":"https:\/\/ladepeche.mr\/index.php?rest_route=\/wp\/v2\/media\/20612"}],"wp:attachment":[{"href":"https:\/\/ladepeche.mr\/index.php?rest_route=%2Fwp%2Fv2%2Fmedia&parent=20611"}],"wp:term":[{"taxonomy":"category","embeddable":true,"href":"https:\/\/ladepeche.mr\/index.php?rest_route=%2Fwp%2Fv2%2Fcategories&post=20611"},{"taxonomy":"post_tag","embeddable":true,"href":"https:\/\/ladepeche.mr\/index.php?rest_route=%2Fwp%2Fv2%2Ftags&post=20611"}],"curies":[{"name":"wp","href":"https:\/\/api.w.org\/{rel}","templated":true}]}}